{"id":1029,"date":"2016-06-23T14:31:58","date_gmt":"2016-06-23T14:31:58","guid":{"rendered":"http:\/\/www.fondazionefrancescofabbri.it\/it\/?p=1029"},"modified":"2016-09-30T14:39:27","modified_gmt":"2016-09-30T14:39:27","slug":"iuav-master-open-day","status":"publish","type":"post","link":"https:\/\/www.fondazionefrancescofabbri.it\/it\/2016\/06\/23\/iuav-master-open-day\/","title":{"rendered":"Newsletter 11 del 16.06.16"},"content":{"rendered":"<section class=\"wpb-content-wrapper\"><p>[vc_row][vc_column][vc_column_text]<strong>Iuav Master Open Day<\/strong><\/p>\n<p>&nbsp;<\/p>\n<p>Gioved\u00ec 23 giugno a Venezia ci sar\u00e0 l&#8217;Open day dell&#8217;Universit\u00e0 Iuav di Venezia dove verranno presentati i master attivati all\u2019interno delle grandi filiere sui cui \u00e8 tradizionalmente impegnata: Architettura, Comunicazione Visiva, Design, Moda e Pianificazione.<\/p>\n<p>&nbsp;<\/p>\n<p>All&#8217;evento sar\u00e0 presente anche Fondazione Fabbri come partner di tre master post laurea che partiranno da ottobre e di cui sono aperte le iscrizioni: \u201cArchitettura del Paesaggio e del Giardino\u201d, \u201cRigenerazione urbana e Innovazione sociale\u201d ed il &#8220;Master in Photography&#8221;.<\/p>\n<p>&nbsp;<\/p>\n<p>L&#8217;evento si svolger\u00e0 nella sede storica di Palazzo Badoer (dalle 9.30 alle 14.00) dove ogni responsabile didattico presenter\u00e0 il proprio corso e sar\u00e0 a disposizione per chiarimenti e consigli. Sar\u00e0 inoltre possibile parlare direttamente con i rappresentanti delle aziende che lavorano con l&#8217;ateneo e svolgere presso i loro desk brevi colloqui informativi.<\/p>\n<p>&nbsp;<\/p>\n<p>Un&#8217;occasione unica per toccare con mano le opportunit\u00e0 professionali e vedere di persona come l&#8217;Ateneo si ponga come luogo d\u2019incontro privilegiato tra il visitatore e il mondo del lavoro.<\/p>\n<p>&nbsp;<\/p>\n<p>per info:<br \/>\n<a href=\"http:\/\/www.eventbrite.it\/e\/biglietti-iuav-master-open-day-25154296177\">www.eventbrite.it\/e\/biglietti-iuav-master-open-day-25154296177<\/a><br \/>\n<a href=\"http:\/\/www.iuav.it\/Didattica1\/master\">www.iuav.it\/Didattica1\/master<\/a>.[\/vc_column_text][\/vc_column][\/vc_row]<\/p>\n<\/section>","protected":false},"excerpt":{"rendered":"<p>Iuav Master Open Day<\/p>\n","protected":false},"author":3,"featured_media":1030,"comment_status":"open","ping_status":"open","sticky":false,"template":"","format":"standard","meta":[],"categories":[24,22],"tags":[],"acf":[],"yoast_head":"<!-- This site is optimized with the Yoast SEO plugin v20.8 - https:\/\/yoast.com\/wordpress\/plugins\/seo\/ -->\n<title>Newsletter 11 del 16.06.16 - Fondazione Francesco Fabbri<\/title>\n<meta name=\"robots\" content=\"index, follow, max-snippet:-1, max-image-preview:large, max-video-preview:-1\" \/>\n<link rel=\"canonical\" href=\"https:\/\/www.fondazionefrancescofabbri.it\/it\/2016\/06\/23\/iuav-master-open-day\/\" \/>\n<meta property=\"og:locale\" content=\"it_IT\" \/>\n<meta property=\"og:type\" content=\"article\" \/>\n<meta property=\"og:title\" content=\"Newsletter 11 del 16.06.16 - Fondazione Francesco Fabbri\" \/>\n<meta property=\"og:description\" content=\"Iuav Master Open Day\" \/>\n<meta property=\"og:url\" content=\"https:\/\/www.fondazionefrancescofabbri.it\/it\/2016\/06\/23\/iuav-master-open-day\/\" \/>\n<meta property=\"og:site_name\" content=\"Fondazione Francesco Fabbri\" \/>\n<meta property=\"article:published_time\" content=\"2016-06-23T14:31:58+00:00\" \/>\n<meta property=\"article:modified_time\" content=\"2016-09-30T14:39:27+00:00\" \/>\n<meta property=\"og:image\" content=\"https:\/\/www.fondazionefrancescofabbri.it\/wp-content\/uploads\/2016\/09\/iuav-master-fondazione-francesco-fabbri.jpg\" \/>\n\t<meta property=\"og:image:width\" content=\"1100\" \/>\n\t<meta property=\"og:image:height\" content=\"688\" \/>\n\t<meta property=\"og:image:type\" content=\"image\/jpeg\" \/>\n<meta name=\"author\" content=\"Fondazione Francesco Fabbri\" \/>\n<meta name=\"twitter:card\" content=\"summary_large_image\" \/>\n<meta name=\"twitter:label1\" content=\"Scritto da\" \/>\n\t<meta name=\"twitter:data1\" content=\"Fondazione Francesco Fabbri\" \/>\n\t<meta name=\"twitter:label2\" content=\"Tempo di lettura stimato\" \/>\n\t<meta name=\"twitter:data2\" content=\"1 minuto\" \/>\n<script type=\"application\/ld+json\" class=\"yoast-schema-graph\">{\"@context\":\"https:\/\/schema.org\",\"@graph\":[{\"@type\":\"WebPage\",\"@id\":\"https:\/\/www.fondazionefrancescofabbri.it\/it\/2016\/06\/23\/iuav-master-open-day\/\",\"url\":\"https:\/\/www.fondazionefrancescofabbri.it\/it\/2016\/06\/23\/iuav-master-open-day\/\",\"name\":\"Newsletter 11 del 16.06.16 - Fondazione Francesco Fabbri\",\"isPartOf\":{\"@id\":\"https:\/\/www.fondazionefrancescofabbri.it\/en\/#website\"},\"datePublished\":\"2016-06-23T14:31:58+00:00\",\"dateModified\":\"2016-09-30T14:39:27+00:00\",\"author\":{\"@id\":\"https:\/\/www.fondazionefrancescofabbri.it\/en\/#\/schema\/person\/a1b33015996af6456a702df97fc81a94\"},\"breadcrumb\":{\"@id\":\"https:\/\/www.fondazionefrancescofabbri.it\/it\/2016\/06\/23\/iuav-master-open-day\/#breadcrumb\"},\"inLanguage\":\"it-IT\",\"potentialAction\":[{\"@type\":\"ReadAction\",\"target\":[\"https:\/\/www.fondazionefrancescofabbri.it\/it\/2016\/06\/23\/iuav-master-open-day\/\"]}]},{\"@type\":\"BreadcrumbList\",\"@id\":\"https:\/\/www.fondazionefrancescofabbri.it\/it\/2016\/06\/23\/iuav-master-open-day\/#breadcrumb\",\"itemListElement\":[{\"@type\":\"ListItem\",\"position\":1,\"name\":\"Home\",\"item\":\"https:\/\/www.fondazionefrancescofabbri.it\/it\/\"},{\"@type\":\"ListItem\",\"position\":2,\"name\":\"Newsletter 11 del 16.06.16\"}]},{\"@type\":\"WebSite\",\"@id\":\"https:\/\/www.fondazionefrancescofabbri.it\/en\/#website\",\"url\":\"https:\/\/www.fondazionefrancescofabbri.it\/en\/\",\"name\":\"Fondazione Francesco Fabbri\",\"description\":\"Just another WordPress site\",\"potentialAction\":[{\"@type\":\"SearchAction\",\"target\":{\"@type\":\"EntryPoint\",\"urlTemplate\":\"https:\/\/www.fondazionefrancescofabbri.it\/en\/?s={search_term_string}\"},\"query-input\":\"required name=search_term_string\"}],\"inLanguage\":\"it-IT\"},{\"@type\":\"Person\",\"@id\":\"https:\/\/www.fondazionefrancescofabbri.it\/en\/#\/schema\/person\/a1b33015996af6456a702df97fc81a94\",\"name\":\"Fondazione Francesco Fabbri\",\"image\":{\"@type\":\"ImageObject\",\"inLanguage\":\"it-IT\",\"@id\":\"https:\/\/www.fondazionefrancescofabbri.it\/en\/#\/schema\/person\/image\/\",\"url\":\"https:\/\/secure.gravatar.com\/avatar\/8bf33eb017a5776110766f830b2b2044?s=96&d=mm&r=g\",\"contentUrl\":\"https:\/\/secure.gravatar.com\/avatar\/8bf33eb017a5776110766f830b2b2044?s=96&d=mm&r=g\",\"caption\":\"Fondazione Francesco Fabbri\"},\"url\":\"https:\/\/www.fondazionefrancescofabbri.it\/it\/author\/agata\/\"}]}<\/script>\n<!-- \/ Yoast SEO plugin. -->","yoast_head_json":{"title":"Newsletter 11 del 16.06.16 - Fondazione Francesco Fabbri","robots":{"index":"index","follow":"follow","max-snippet":"max-snippet:-1","max-image-preview":"max-image-preview:large","max-video-preview":"max-video-preview:-1"},"canonical":"https:\/\/www.fondazionefrancescofabbri.it\/it\/2016\/06\/23\/iuav-master-open-day\/","og_locale":"it_IT","og_type":"article","og_title":"Newsletter 11 del 16.06.16 - Fondazione Francesco Fabbri","og_description":"Iuav Master Open Day","og_url":"https:\/\/www.fondazionefrancescofabbri.it\/it\/2016\/06\/23\/iuav-master-open-day\/","og_site_name":"Fondazione Francesco Fabbri","article_published_time":"2016-06-23T14:31:58+00:00","article_modified_time":"2016-09-30T14:39:27+00:00","og_image":[{"width":1100,"height":688,"url":"https:\/\/www.fondazionefrancescofabbri.it\/wp-content\/uploads\/2016\/09\/iuav-master-fondazione-francesco-fabbri.jpg","type":"image\/jpeg"}],"author":"Fondazione Francesco Fabbri","twitter_card":"summary_large_image","twitter_misc":{"Scritto da":"Fondazione Francesco Fabbri","Tempo di lettura stimato":"1 minuto"},"schema":{"@context":"https:\/\/schema.org","@graph":[{"@type":"WebPage","@id":"https:\/\/www.fondazionefrancescofabbri.it\/it\/2016\/06\/23\/iuav-master-open-day\/","url":"https:\/\/www.fondazionefrancescofabbri.it\/it\/2016\/06\/23\/iuav-master-open-day\/","name":"Newsletter 11 del 16.06.16 - Fondazione Francesco Fabbri","isPartOf":{"@id":"https:\/\/www.fondazionefrancescofabbri.it\/en\/#website"},"datePublished":"2016-06-23T14:31:58+00:00","dateModified":"2016-09-30T14:39:27+00:00","author":{"@id":"https:\/\/www.fondazionefrancescofabbri.it\/en\/#\/schema\/person\/a1b33015996af6456a702df97fc81a94"},"breadcrumb":{"@id":"https:\/\/www.fondazionefrancescofabbri.it\/it\/2016\/06\/23\/iuav-master-open-day\/#breadcrumb"},"inLanguage":"it-IT","potentialAction":[{"@type":"ReadAction","target":["https:\/\/www.fondazionefrancescofabbri.it\/it\/2016\/06\/23\/iuav-master-open-day\/"]}]},{"@type":"BreadcrumbList","@id":"https:\/\/www.fondazionefrancescofabbri.it\/it\/2016\/06\/23\/iuav-master-open-day\/#breadcrumb","itemListElement":[{"@type":"ListItem","position":1,"name":"Home","item":"https:\/\/www.fondazionefrancescofabbri.it\/it\/"},{"@type":"ListItem","position":2,"name":"Newsletter 11 del 16.06.16"}]},{"@type":"WebSite","@id":"https:\/\/www.fondazionefrancescofabbri.it\/en\/#website","url":"https:\/\/www.fondazionefrancescofabbri.it\/en\/","name":"Fondazione Francesco Fabbri","description":"Just another WordPress site","potentialAction":[{"@type":"SearchAction","target":{"@type":"EntryPoint","urlTemplate":"https:\/\/www.fondazionefrancescofabbri.it\/en\/?s={search_term_string}"},"query-input":"required name=search_term_string"}],"inLanguage":"it-IT"},{"@type":"Person","@id":"https:\/\/www.fondazionefrancescofabbri.it\/en\/#\/schema\/person\/a1b33015996af6456a702df97fc81a94","name":"Fondazione Francesco Fabbri","image":{"@type":"ImageObject","inLanguage":"it-IT","@id":"https:\/\/www.fondazionefrancescofabbri.it\/en\/#\/schema\/person\/image\/","url":"https:\/\/secure.gravatar.com\/avatar\/8bf33eb017a5776110766f830b2b2044?s=96&d=mm&r=g","contentUrl":"https:\/\/secure.gravatar.com\/avatar\/8bf33eb017a5776110766f830b2b2044?s=96&d=mm&r=g","caption":"Fondazione Francesco Fabbri"},"url":"https:\/\/www.fondazionefrancescofabbri.it\/it\/author\/agata\/"}]}},"_links":{"self":[{"href":"https:\/\/www.fondazionefrancescofabbri.it\/it\/wp-json\/wp\/v2\/posts\/1029"}],"collection":[{"href":"https:\/\/www.fondazionefrancescofabbri.it\/it\/wp-json\/wp\/v2\/posts"}],"about":[{"href":"https:\/\/www.fondazionefrancescofabbri.it\/it\/wp-json\/wp\/v2\/types\/post"}],"author":[{"embeddable":true,"href":"https:\/\/www.fondazionefrancescofabbri.it\/it\/wp-json\/wp\/v2\/users\/3"}],"replies":[{"embeddable":true,"href":"https:\/\/www.fondazionefrancescofabbri.it\/it\/wp-json\/wp\/v2\/comments?post=1029"}],"version-history":[{"count":1,"href":"https:\/\/www.fondazionefrancescofabbri.it\/it\/wp-json\/wp\/v2\/posts\/1029\/revisions"}],"predecessor-version":[{"id":1031,"href":"https:\/\/www.fondazionefrancescofabbri.it\/it\/wp-json\/wp\/v2\/posts\/1029\/revisions\/1031"}],"wp:featuredmedia":[{"embeddable":true,"href":"https:\/\/www.fondazionefrancescofabbri.it\/it\/wp-json\/wp\/v2\/media\/1030"}],"wp:attachment":[{"href":"https:\/\/www.fondazionefrancescofabbri.it\/it\/wp-json\/wp\/v2\/media?parent=1029"}],"wp:term":[{"taxonomy":"category","embeddable":true,"href":"https:\/\/www.fondazionefrancescofabbri.it\/it\/wp-json\/wp\/v2\/categories?post=1029"},{"taxonomy":"post_tag","embeddable":true,"href":"https:\/\/www.fondazionefrancescofabbri.it\/it\/wp-json\/wp\/v2\/tags?post=1029"}],"curies":[{"name":"wp","href":"https:\/\/api.w.org\/{rel}","templated":true}]}}