{"id":1520,"date":"2017-11-28T09:55:10","date_gmt":"2017-11-28T09:55:10","guid":{"rendered":"http:\/\/www.fondazionefrancescofabbri.it\/?p=1520"},"modified":"2017-11-28T09:56:50","modified_gmt":"2017-11-28T09:56:50","slug":"comunicato-stampa-del-28-11-17","status":"publish","type":"post","link":"https:\/\/www.fondazionefrancescofabbri.it\/it\/2017\/11\/28\/comunicato-stampa-del-28-11-17\/","title":{"rendered":"Comunicato stampa del 28.11.17"},"content":{"rendered":"<section class=\"wpb-content-wrapper\"><p>[vc_row][vc_column][vc_column_text]Sabato <strong>25 novembre<\/strong> nel corso del vernissage della mostra collettiva dei finalisti sono stati annunciati alla stampa e al pubblico i <strong>vincitori<\/strong> ed i <strong>menzionati<\/strong> della <strong>Sesta<\/strong> edizione del <em><strong>Premio Francesco Fabbri per le Arti Contemporanee<\/strong><\/em>.<\/p>\n<p>&nbsp;<\/p>\n<p>A <strong>vincere<\/strong> la sesta edizione del Premio Fabbri nella sezione &#8220;<strong>Arte emergente<\/strong>&#8221; \u00e8 l&#8217;opera di <strong>Simone Monsi<\/strong> (Fiorenzuola D\u2019Arda, 1988) che si inserisce nel variegato mondo della cultura post-internet, creando delle suggestioni sospese tra immaginario pop ed echi distopici. L&#8217;installazione, intitolata <em>CAPITOLO FINALE: Let\u2019s Forget About It Let\u2019s Go Forward \u2013 From Meaning To Intensity, il ventiseiesimo episodio di Mani!! I Love Holding Hands \u2013 It\u2019s okay for me to be here!<\/em> (2016), presenta una forma totemica che la rende un monumento, ironico ed inquietante al tempo stesso, che celebra le mani al servizio (o forse in schiavit\u00f9) dello strumento informatico: se ad un primo sguardo le fattezze dell&#8217;opera possono apparire ludiche, in essa si cela una riflessione sui rapporti umani e sulla vacuit\u00e0 dell&#8217;esperienza mediata. Il lavoro \u00e8 ricoperto da una serie di stampe digitali di immagini trovate su internet con l\u2019hashtag <em>#sunsetporn<\/em> creando cos\u00ec una miscellanea visiva ipersatura e <em>kitsch<\/em> che oscilla tra romanticismo patetico e grottesco, superficialit\u00e0 e malinconia, quotidiano e disturbante.<\/p>\n<p>&nbsp;<\/p>\n<p>Il lavoro di <strong>Marco Gobbi<\/strong> (Brescia, 1985) <em>The Great Farini<\/em> (2017) &#8211; che ha ricevuto la prima menzione della giuria &#8211; parte invece da una suggestione letteraria, dal libro <em>Fondamenta degli incurabili<\/em> (1989) di Iosif Brodskij: qui lo scrittore premio Nobel crea un parallelismo tra l&#8217;erosione dei palazzi di Venezia compiuta dall&#8217;acqua e la forma del merletto. Attraverso la tecnica del <em>frottage<\/em> l\u2019artista ha trasferito su carta le superficie di alcuni edifici che poi ha tradotto in ricamo con l&#8217;antica tecnica del merletto, tipica dell&#8217;isola di Burano. Questo lavoro \u00e8 una meditazione sul tema del tempo attraverso una duplice chiave di lettura: i segni che nei secoli l&#8217;acqua ha impresso nella citt\u00e0, ma anche la lentezza propria della perizia artigiana di quei saperi che vanno ormai scomparendo, soppiantati dall&#8217;omologazione e dalla logica del mercato. Riporta invece all&#8217;attualit\u00e0 il lavoro <em>And it feels like home II<\/em> (2017) dell&#8217;artista greco <strong>Nicolas Vamvouklis<\/strong> (Lesbo, 1990), che ha ricevuto la seconda menzione della giuria. Il video &#8211; un indugiare visivo su un gruppo di fenicotteri costretti dentro una struttura che impedisce loro di migrare &#8211; \u00e8 ispirato ad un fatto di cronaca che ha visto i responsabili dello Zoo di Berlino isolare in via precauzionale alcuni animali per motivi sanitari. L&#8217;artista crea cos\u00ec un\u2019allegoria della condizione dei migranti che, una volta arrivati in Europa, si trovano in campi di accoglienza dove subiscono forme di esclusione e di oppressione a causa di politiche nazionali mosse da motivazioni economiche ed immemori dei doveri di umanit\u00e0 e di accoglienza. Proprio l&#8217;isola natale dell&#8217;autore, Lesbo, in questi anni \u00e8 tristemente nota come uno dei centri della crisi umanitaria in atto.<\/p>\n<p>&nbsp;<\/p>\n<p>A <strong>vincere<\/strong> la sezione di &#8220;<strong>Fotografia contemporanea<\/strong>&#8221; \u00e8 <strong>Alberto Sinigaglia<\/strong> (Arzignano, 1984) con il dittico composto da <em>Teapot Cloud e Dominc Arkansas Cloud<\/em> del 2016. I lavori fanno parte del ciclo <em>Microwave City<\/em>, un progetto che analizza la citt\u00e0 di Las Vegas vista come un archetipo visivo della messa in scena permanente che genera un immaginario effimero destinato ad essere consumato rapidamente e che conduce all&#8217;impossibilit\u00e0 ontologica di distinguere chiaramente realt\u00e0 e finzione. Le fotografie riportano la storia del Manhattan Project e dei test nucleari compiuti nel dopoguerra nella zona desertica fuori dalla metropoli americana: all&#8217;epoca si svilupp\u00f2 un &#8220;turismo&#8221; della bomba, composto da curiosi che, dalle terrazze degli alberghi della citt\u00e0, potevano fotografare i fumi delle esplosioni lontane un centinaio di miglia. L&#8217;autore si \u00e8 appropriato e ha manipolato alcuni scatti vernacolari dell&#8217;epoca, creando delle immagini che hanno una natura ambigua perch\u00e9 i fumi nucleari sembrano delle rassicuranti nuvole colorate alla base di un paesaggio dai contorni estetizzanti. Il risultato \u00e8 quello di immagini &#8220;da cartolina&#8221; che serbano in s\u00e9 delle verit\u00e0 inquietanti e che, proprio per questo, sono un perfetto esempio di come la fotografia sia un dispositivo complesso capace di mistificare il reale.<\/p>\n<p>&nbsp;<\/p>\n<p><strong>Claudio Beorchia<\/strong> (Vercelli, 1979) con <em>Natura morta per scanner<\/em> (2013) ha ricevuto la prima menzione della giuria nella sezione dedicata alla fotografia contemporanea. Il suo lavoro, realizzato durante una residenza in Cina, \u00e8 una riflessione sulle politiche di controllo e sorveglianza presenti nel paese asiatico. L&#8217;artista ha creato in studio una composizione &#8211; una vera e propria natura morta &#8211; recandosi poi ad uno degli accessi della metropolitana di Shangai affinch\u00e9 fosse passata ai raggi X e, insinuandosi dietro l&#8217;operatore durante il controllo, ha furtivamente fotografato lo schermo del dispositivo di sicurezza. L&#8217;artista, cos\u00ec facendo, ha compiuto con grande ironia un gesto performativo di appropriazione di un&#8217;immagine che generalmente \u00e8 riservata alla vista del personale di sorveglianza, privandola cos\u00ec di quella forma di dominio. Ad aggiudicarsi la seconda menzione \u00e8 <strong>Marina Rosso<\/strong> (Udine, 1985) con <em>Piano<\/em> (2017), un&#8217;opera che ragiona sullo statuto stesso dell&#8217;immagine contemporanea. L&#8217;autrice indaga il concetto di <em>iperrealt\u00e0<\/em> &#8211; caro al filosofo francese Jean Baudrillard &#8211; che riporta all&#8217;incapacit\u00e0 della societ\u00e0 di distinguere la realt\u00e0 dalla simulazione. Per questo l&#8217;artista, pur realizzando una fotografia mimetica (una macchina che coglie le sembianze di un soggetto), ne estremizza la post-produzione fino a farla sembrare una grafica 3D non afferente al reale, cos\u00ec a metterne in dubbio la natura. Il fruitore \u00e8 dunque chiamato ad interrogarsi sui processi delle rappresentazione per arrivare a possedere uno sguardo maggiormente consapevole e critico.<\/p>\n<p>&nbsp;<\/p>\n<p>Ad aggiudicarsi il <strong>Premio speciale TRA \/ Ca&#8217; dei Ricchi<\/strong> \u00e8 invece andato a <strong>Francesco Maluta<\/strong> (Lovere, 1983) con <em>Nottata rocciosa<\/em> del 2017. L\u2019opera mostra come l\u2019immagine della comunicazione non verbale di due galli possa provocare riconsiderazioni sull&#8217;uomo e sulle effettive relazioni tra le specie, ragionando su quali siano i nostri modelli per riconfigurare la societ\u00e0 e il nostro rapporto con l&#8217;ambiente in senso lato.<\/p>\n<p>&nbsp;<\/p>\n<p>I vincitori hanno ricevuto un premio acquisto di <strong>5.000 euro<\/strong> e i loro lavori sono entrati a far parte della collezione della Fondazione Francesco Fabbri Onlus, che li custodir\u00e0 a Casa Fabbri, il centro residenziale teatro di numerosi eventi. I lavori finalisti rimarranno esposti fino al 17 dicembre nella mostra collettiva di Villa Brandolini, curata da Carlo Sala.<\/p>\n<p>&nbsp;<\/p>\n<p><strong>Premio Francesco Fabbri per le Arti Contemporanee<\/strong><br \/>\na cura di Carlo Sala<br \/>\nVilla Brandolini, Solighetto di Pieve di Soligo (Treviso), Piazza Libert\u00e0 n\u00b07<br \/>\n25 novembre \u2013 17 dicembre 2017.<\/p>\n<p>&nbsp;<\/p>\n<p>Il Premio \u00e8 promosso dalla Fondazione Francesco Fabbri in collaborazione con il Comune di Pieve di Soligo. \u00c8 inserito nel palinsesto regionale RetEventi Cultura Veneto 2017 per la Provincia di Treviso; con il patrocinio di TRA e Landscapestories.<\/p>\n<p>&nbsp;<\/p>\n<p>Orari di apertura: venerd\u00ec e sabato 16.00-19.00; domenica 10.00-12.30 e 16.00-19.00.<br \/>\nIngresso libero.<\/p>\n<p>&nbsp;<\/p>\n<p>Per Info: <a href=\"mailto:premio@fondazionefrancescofabbri.it\">premio@fondazionefrancescofabbri.it<\/a>[\/vc_column_text][vc_empty_space][vc_column_text]<strong>Note biografiche vincitori<\/strong><\/p>\n<p>&nbsp;<\/p>\n<p><strong>Simone Monsi<\/strong> (Fiorenzuola d\u2019Arda, 1988) \u00e8 un YIBA Young Internet-Based Artist e nel suo lavoro esplora la sensibilit\u00e0 delle culture giovanili e la loro rappresentazione su piattaforme di microblogging, dalle quali estrapola immagini e contenuti virali. La sua costante attivit\u00e0 di blogging diventa cos\u00ec un metodo per indicizzare collezioni dinamiche composte di popolari frasi melanconiche, fermi immagine di\u00a0Evangelion\u00a0e gif post-porno; mentre la scultura, l\u2019installazione e i social network sono momenti di un unico processo creativo che porta le opere a diventare esse stesse immagini virali una volta ripostate online.<\/p>\n<p>&nbsp;<\/p>\n<p>Tra le mostre pi\u00f9 significative a cui ha partecipato negli ultimi anni si segnalano le mostre personali\u00a0<em>Spero che questo trasloco sia l\u2019ultimo<\/em>\u00a0(Placentia Arte, Piacenza, 2017) e\u00a0<em>Like Mops on the Beach<\/em>\u00a0(Green Ray, Londra, 2016) e le mostre collettive\u00a0<em>Deposito d\u2019Arte Italiana Presente<\/em>, a cura di Ilaria Bonacossa e Vittoria Martini (Artissima, Torino, 2017),\u00a0<em>Utopias are more or less fascistic<\/em>, a cura di Roxane Bovet (Nicolas Krupp, Basilea, 2017),\u00a0<em>Cyphoria<\/em>, a cura di Domenico Quaranta (16a Quadriennale d\u2019arte, Roma, 2016). Inoltre, nel processo di ricerca dell\u2019artista ricoprono un ruolo di primo piano il fandom\u00a0<a href=\"http:\/\/www.stillsfromevangelion.tumblr.com\" target=\"_blank\" rel=\"noopener\">www.stillsfromevangelion.tumblr.com<\/a>\u00a0e il blog\u00a0<a href=\"http:\/\/www.trailsarethenewclouds.tumblr.com\" target=\"_blank\" rel=\"noopener\">www.trailsarethenewclouds.tumblr.com<\/a>.<\/p>\n<p>&nbsp;<\/p>\n<p>Ha da poco concluso un MFA presso Goldsmiths University di Londra. Vive e lavora a Milano.<\/p>\n<p>&nbsp;<\/p>\n<p><strong>Alberto Sinigaglia<\/strong> (Arzignano, 1984) ha ottenuto la laurea in architettura presso l&#8217;Universit\u00e0 Iuav di Venezia, proseguendo poi la sua formazione a Milano nell&#8217;ambito della fotografia. Successivamente ha frequentato inoltre il Photoglobal Program presso la School of Visual Art di New York.<br \/>\n\u00c8 stato finalista di diversi premi tra cui il Premio Fabbri Per le Arti Contemporanee (2013-14), il Premio Fotografia Italiana Under 40 (2015), il Premio Gabriele Basilico (2015) ed il Talent Prize 2017. Nel 2014 \u00e8 stato selezionato tra i vincitori della 98ma Collettiva Giovani Artisti della Fondazione Bevilacqua La Masa, nel 2015 ha ricevuto una menzione d\u2019onore dal Premio Graziadei e nel 2017 ha vinto il Premio Fattori Contemporaneo del Combat Prize.<br \/>\nTra le mostre a cui ha partecipato ricordiamo \u201c<em>Le Cose Che Si Vedono In Cielo<\/em>\u201d a cura di Ilaria Campioli (Fotografia Europea \/2015), \u201c<em>La Disfatta dell\u2019Immagine<\/em>\u201d a cura di Carlo Sala ( TRA &#8211; Treviso \u2013 2016), \u201c<em>Look Up At The Sky<\/em>\u201d curata da Pedro Torres (Terrassa-Barcellona \/ 2016) e la mostra personale \u201cBig Sky Hunting\u201d curata da Stefano Graziani presso Metronom (Modena \/ 2015). Dal 2015 \u00e8 tra gli editor di Genda Magazine.<br \/>\nVive e lavora a Vicenza.<\/p>\n<p>[\/vc_column_text][\/vc_column][\/vc_row]<\/p>\n<\/section>","protected":false},"excerpt":{"rendered":"<p>Sabato 25 novembre nel corso del vernissage della mostra collettiva dei finalisti sono stati annunciati alla stampa e al pubblico i vincitori ed i menzionati della Sesta edizione del Premio Francesco Fabbri per le Arti Contemporanee.<\/p>\n","protected":false},"author":3,"featured_media":1285,"comment_status":"open","ping_status":"open","sticky":false,"template":"","format":"standard","meta":[],"categories":[30,3,23,6,22],"tags":[],"acf":[],"yoast_head":"<!-- This site is optimized with the Yoast SEO plugin v20.8 - https:\/\/yoast.com\/wordpress\/plugins\/seo\/ -->\n<title>Comunicato stampa del 28.11.17 - Fondazione Francesco Fabbri<\/title>\n<meta name=\"robots\" content=\"index, follow, max-snippet:-1, max-image-preview:large, max-video-preview:-1\" \/>\n<link rel=\"canonical\" href=\"https:\/\/www.fondazionefrancescofabbri.it\/it\/2017\/11\/28\/comunicato-stampa-del-28-11-17\/\" \/>\n<meta property=\"og:locale\" content=\"it_IT\" \/>\n<meta property=\"og:type\" content=\"article\" \/>\n<meta property=\"og:title\" content=\"Comunicato stampa del 28.11.17 - Fondazione Francesco Fabbri\" \/>\n<meta property=\"og:description\" content=\"Sabato 25 novembre nel corso del vernissage della mostra collettiva dei finalisti sono stati annunciati alla stampa e al pubblico i vincitori ed i menzionati della Sesta edizione del Premio Francesco Fabbri per le Arti Contemporanee.\" \/>\n<meta property=\"og:url\" content=\"https:\/\/www.fondazionefrancescofabbri.it\/it\/2017\/11\/28\/comunicato-stampa-del-28-11-17\/\" \/>\n<meta property=\"og:site_name\" content=\"Fondazione Francesco Fabbri\" \/>\n<meta property=\"article:published_time\" content=\"2017-11-28T09:55:10+00:00\" \/>\n<meta property=\"article:modified_time\" content=\"2017-11-28T09:56:50+00:00\" \/>\n<meta property=\"og:image\" content=\"https:\/\/www.fondazionefrancescofabbri.it\/wp-content\/uploads\/2017\/05\/premio-francesco-fabbri-2017-c.jpg\" \/>\n\t<meta property=\"og:image:width\" content=\"1100\" \/>\n\t<meta property=\"og:image:height\" content=\"688\" \/>\n\t<meta property=\"og:image:type\" content=\"image\/jpeg\" \/>\n<meta name=\"author\" content=\"Fondazione Francesco Fabbri\" \/>\n<meta name=\"twitter:card\" content=\"summary_large_image\" \/>\n<meta name=\"twitter:label1\" content=\"Scritto da\" \/>\n\t<meta name=\"twitter:data1\" content=\"Fondazione Francesco Fabbri\" \/>\n\t<meta name=\"twitter:label2\" content=\"Tempo di lettura stimato\" \/>\n\t<meta name=\"twitter:data2\" content=\"8 minuti\" \/>\n<script type=\"application\/ld+json\" class=\"yoast-schema-graph\">{\"@context\":\"https:\/\/schema.org\",\"@graph\":[{\"@type\":\"WebPage\",\"@id\":\"https:\/\/www.fondazionefrancescofabbri.it\/it\/2017\/11\/28\/comunicato-stampa-del-28-11-17\/\",\"url\":\"https:\/\/www.fondazionefrancescofabbri.it\/it\/2017\/11\/28\/comunicato-stampa-del-28-11-17\/\",\"name\":\"Comunicato stampa del 28.11.17 - Fondazione Francesco Fabbri\",\"isPartOf\":{\"@id\":\"https:\/\/www.fondazionefrancescofabbri.it\/en\/#website\"},\"datePublished\":\"2017-11-28T09:55:10+00:00\",\"dateModified\":\"2017-11-28T09:56:50+00:00\",\"author\":{\"@id\":\"https:\/\/www.fondazionefrancescofabbri.it\/en\/#\/schema\/person\/a1b33015996af6456a702df97fc81a94\"},\"breadcrumb\":{\"@id\":\"https:\/\/www.fondazionefrancescofabbri.it\/it\/2017\/11\/28\/comunicato-stampa-del-28-11-17\/#breadcrumb\"},\"inLanguage\":\"it-IT\",\"potentialAction\":[{\"@type\":\"ReadAction\",\"target\":[\"https:\/\/www.fondazionefrancescofabbri.it\/it\/2017\/11\/28\/comunicato-stampa-del-28-11-17\/\"]}]},{\"@type\":\"BreadcrumbList\",\"@id\":\"https:\/\/www.fondazionefrancescofabbri.it\/it\/2017\/11\/28\/comunicato-stampa-del-28-11-17\/#breadcrumb\",\"itemListElement\":[{\"@type\":\"ListItem\",\"position\":1,\"name\":\"Home\",\"item\":\"https:\/\/www.fondazionefrancescofabbri.it\/it\/\"},{\"@type\":\"ListItem\",\"position\":2,\"name\":\"Comunicato stampa del 28.11.17\"}]},{\"@type\":\"WebSite\",\"@id\":\"https:\/\/www.fondazionefrancescofabbri.it\/en\/#website\",\"url\":\"https:\/\/www.fondazionefrancescofabbri.it\/en\/\",\"name\":\"Fondazione Francesco Fabbri\",\"description\":\"Just another WordPress site\",\"potentialAction\":[{\"@type\":\"SearchAction\",\"target\":{\"@type\":\"EntryPoint\",\"urlTemplate\":\"https:\/\/www.fondazionefrancescofabbri.it\/en\/?s={search_term_string}\"},\"query-input\":\"required name=search_term_string\"}],\"inLanguage\":\"it-IT\"},{\"@type\":\"Person\",\"@id\":\"https:\/\/www.fondazionefrancescofabbri.it\/en\/#\/schema\/person\/a1b33015996af6456a702df97fc81a94\",\"name\":\"Fondazione Francesco Fabbri\",\"image\":{\"@type\":\"ImageObject\",\"inLanguage\":\"it-IT\",\"@id\":\"https:\/\/www.fondazionefrancescofabbri.it\/en\/#\/schema\/person\/image\/\",\"url\":\"https:\/\/secure.gravatar.com\/avatar\/8bf33eb017a5776110766f830b2b2044?s=96&d=mm&r=g\",\"contentUrl\":\"https:\/\/secure.gravatar.com\/avatar\/8bf33eb017a5776110766f830b2b2044?s=96&d=mm&r=g\",\"caption\":\"Fondazione Francesco Fabbri\"},\"url\":\"https:\/\/www.fondazionefrancescofabbri.it\/it\/author\/agata\/\"}]}<\/script>\n<!-- \/ Yoast SEO plugin. -->","yoast_head_json":{"title":"Comunicato stampa del 28.11.17 - Fondazione Francesco Fabbri","robots":{"index":"index","follow":"follow","max-snippet":"max-snippet:-1","max-image-preview":"max-image-preview:large","max-video-preview":"max-video-preview:-1"},"canonical":"https:\/\/www.fondazionefrancescofabbri.it\/it\/2017\/11\/28\/comunicato-stampa-del-28-11-17\/","og_locale":"it_IT","og_type":"article","og_title":"Comunicato stampa del 28.11.17 - Fondazione Francesco Fabbri","og_description":"Sabato 25 novembre nel corso del vernissage della mostra collettiva dei finalisti sono stati annunciati alla stampa e al pubblico i vincitori ed i menzionati della Sesta edizione del Premio Francesco Fabbri per le Arti Contemporanee.","og_url":"https:\/\/www.fondazionefrancescofabbri.it\/it\/2017\/11\/28\/comunicato-stampa-del-28-11-17\/","og_site_name":"Fondazione Francesco Fabbri","article_published_time":"2017-11-28T09:55:10+00:00","article_modified_time":"2017-11-28T09:56:50+00:00","og_image":[{"width":1100,"height":688,"url":"https:\/\/www.fondazionefrancescofabbri.it\/wp-content\/uploads\/2017\/05\/premio-francesco-fabbri-2017-c.jpg","type":"image\/jpeg"}],"author":"Fondazione Francesco Fabbri","twitter_card":"summary_large_image","twitter_misc":{"Scritto da":"Fondazione Francesco Fabbri","Tempo di lettura stimato":"8 minuti"},"schema":{"@context":"https:\/\/schema.org","@graph":[{"@type":"WebPage","@id":"https:\/\/www.fondazionefrancescofabbri.it\/it\/2017\/11\/28\/comunicato-stampa-del-28-11-17\/","url":"https:\/\/www.fondazionefrancescofabbri.it\/it\/2017\/11\/28\/comunicato-stampa-del-28-11-17\/","name":"Comunicato stampa del 28.11.17 - Fondazione Francesco Fabbri","isPartOf":{"@id":"https:\/\/www.fondazionefrancescofabbri.it\/en\/#website"},"datePublished":"2017-11-28T09:55:10+00:00","dateModified":"2017-11-28T09:56:50+00:00","author":{"@id":"https:\/\/www.fondazionefrancescofabbri.it\/en\/#\/schema\/person\/a1b33015996af6456a702df97fc81a94"},"breadcrumb":{"@id":"https:\/\/www.fondazionefrancescofabbri.it\/it\/2017\/11\/28\/comunicato-stampa-del-28-11-17\/#breadcrumb"},"inLanguage":"it-IT","potentialAction":[{"@type":"ReadAction","target":["https:\/\/www.fondazionefrancescofabbri.it\/it\/2017\/11\/28\/comunicato-stampa-del-28-11-17\/"]}]},{"@type":"BreadcrumbList","@id":"https:\/\/www.fondazionefrancescofabbri.it\/it\/2017\/11\/28\/comunicato-stampa-del-28-11-17\/#breadcrumb","itemListElement":[{"@type":"ListItem","position":1,"name":"Home","item":"https:\/\/www.fondazionefrancescofabbri.it\/it\/"},{"@type":"ListItem","position":2,"name":"Comunicato stampa del 28.11.17"}]},{"@type":"WebSite","@id":"https:\/\/www.fondazionefrancescofabbri.it\/en\/#website","url":"https:\/\/www.fondazionefrancescofabbri.it\/en\/","name":"Fondazione Francesco Fabbri","description":"Just another WordPress site","potentialAction":[{"@type":"SearchAction","target":{"@type":"EntryPoint","urlTemplate":"https:\/\/www.fondazionefrancescofabbri.it\/en\/?s={search_term_string}"},"query-input":"required name=search_term_string"}],"inLanguage":"it-IT"},{"@type":"Person","@id":"https:\/\/www.fondazionefrancescofabbri.it\/en\/#\/schema\/person\/a1b33015996af6456a702df97fc81a94","name":"Fondazione Francesco Fabbri","image":{"@type":"ImageObject","inLanguage":"it-IT","@id":"https:\/\/www.fondazionefrancescofabbri.it\/en\/#\/schema\/person\/image\/","url":"https:\/\/secure.gravatar.com\/avatar\/8bf33eb017a5776110766f830b2b2044?s=96&d=mm&r=g","contentUrl":"https:\/\/secure.gravatar.com\/avatar\/8bf33eb017a5776110766f830b2b2044?s=96&d=mm&r=g","caption":"Fondazione Francesco Fabbri"},"url":"https:\/\/www.fondazionefrancescofabbri.it\/it\/author\/agata\/"}]}},"_links":{"self":[{"href":"https:\/\/www.fondazionefrancescofabbri.it\/it\/wp-json\/wp\/v2\/posts\/1520"}],"collection":[{"href":"https:\/\/www.fondazionefrancescofabbri.it\/it\/wp-json\/wp\/v2\/posts"}],"about":[{"href":"https:\/\/www.fondazionefrancescofabbri.it\/it\/wp-json\/wp\/v2\/types\/post"}],"author":[{"embeddable":true,"href":"https:\/\/www.fondazionefrancescofabbri.it\/it\/wp-json\/wp\/v2\/users\/3"}],"replies":[{"embeddable":true,"href":"https:\/\/www.fondazionefrancescofabbri.it\/it\/wp-json\/wp\/v2\/comments?post=1520"}],"version-history":[{"count":3,"href":"https:\/\/www.fondazionefrancescofabbri.it\/it\/wp-json\/wp\/v2\/posts\/1520\/revisions"}],"predecessor-version":[{"id":1524,"href":"https:\/\/www.fondazionefrancescofabbri.it\/it\/wp-json\/wp\/v2\/posts\/1520\/revisions\/1524"}],"wp:featuredmedia":[{"embeddable":true,"href":"https:\/\/www.fondazionefrancescofabbri.it\/it\/wp-json\/wp\/v2\/media\/1285"}],"wp:attachment":[{"href":"https:\/\/www.fondazionefrancescofabbri.it\/it\/wp-json\/wp\/v2\/media?parent=1520"}],"wp:term":[{"taxonomy":"category","embeddable":true,"href":"https:\/\/www.fondazionefrancescofabbri.it\/it\/wp-json\/wp\/v2\/categories?post=1520"},{"taxonomy":"post_tag","embeddable":true,"href":"https:\/\/www.fondazionefrancescofabbri.it\/it\/wp-json\/wp\/v2\/tags?post=1520"}],"curies":[{"name":"wp","href":"https:\/\/api.w.org\/{rel}","templated":true}]}}