{"id":2408,"date":"2019-09-03T15:19:13","date_gmt":"2019-09-03T15:19:13","guid":{"rendered":"https:\/\/www.fondazionefrancescofabbri.it\/?p=2408"},"modified":"2019-10-31T09:16:56","modified_gmt":"2019-10-31T09:16:56","slug":"comunicato-stampa-del-02-09-19","status":"publish","type":"post","link":"https:\/\/www.fondazionefrancescofabbri.it\/it\/2019\/09\/03\/comunicato-stampa-del-02-09-19\/","title":{"rendered":"Comunicato stampa del 02.09.19"},"content":{"rendered":"<section class=\"wpb-content-wrapper\"><p>[vc_row][vc_column][vc_column_text]<strong>Premio Francesco Fabbri per le Arti Contemporanee <\/strong><br \/>\nprorogate le iscrizioni al 17 settembre<\/p>\n<p>&nbsp;<\/p>\n<p>Dato il grande successo di adesioni sono <strong>prorogate<\/strong> al <strong>17 settembre<\/strong> 2019 le <strong>iscrizioni<\/strong> dell\u2019ottava edizione del <strong>Premio Francesco Fabbri per le Arti Contemporanee<\/strong>. La manifestazione \u00e8 oramai un punto di riferimento per quegli operatori e pubblico che rivolgono la loro attenzione alle istanze di ricerca nell&#8217;arte contemporanea.<\/p>\n<p>&nbsp;<\/p>\n<p>Il Premio Fabbri si articola in due sezioni: <strong>Arte emergente<\/strong> e <strong>Fotografia contemporanea<\/strong>. La prima \u00e8 dedicata agli autori under 35 che, secondo una logica intermediale, potranno partecipare con ogni forma creativa visiva: dalla pittura all\u2019installazione, dalla fotografia alla videoarte, dalla performance e sound art fino al disegno e alla grafica.<br \/>\nLa seconda sezione invece, priva di limiti anagrafici, \u00e8 dedicata alla Fotografia contemporanea attraverso una variet\u00e0 di concezioni dello specifico medium, in continuit\u00e0 con l&#8217;attivit\u00e0 di Fondazione Francesco Fabbri che promuove il Festival <em>F4 \/ un&#8217;idea di Fotografia<\/em> ed il Master in Photography dell&#8217;Universit\u00e0 IUAV. A entrambe le sezioni potranno partecipare autori da ogni paese del mondo.<\/p>\n<p>&nbsp;<\/p>\n<p>Lo scenario attuale sempre pi\u00f9 variegato ed in continuo divenire vede un sistema dell&#8217;arte che si snoda attraverso una pluralit\u00e0 di proposte e interlocutori. Una manifestazione come il Premio Francesco Fabbri per le Arti Contemporanee ambisce a creare un punto di vista privilegiato sulle ricerche sintomatiche del presente: giunto alla quinta edizione vuole essere un radar capace di segnalare i processi in atto compiendo opera di <em>scouting<\/em>, con la consapevolezza di muoversi in un terreno ibrido fatto di interconnessioni tra linguaggi e saperi.<\/p>\n<p>&nbsp;<\/p>\n<p>Il bando \u00e8 prorogato al <strong>17 settembre 2019<\/strong> e gli artisti potranno iscriversi via web o tramite posta ordinaria. I due <strong>vincitori<\/strong> riceveranno un premio acquisto di <strong>5.000 euro<\/strong> ciascuno, le opere entreranno nella collezione permanente di Fondazione Francesco Fabbri e saranno custodite nel centro residenziale di Casa Fabbri.<\/p>\n<p>&nbsp;<\/p>\n<p>Il premio, curato da <strong>Carlo Sala<\/strong>, gode di una prestigiosa giuria composta da critici e curatori, quali <strong> Matteo Balduzzi, Lorenzo Balbi, Lucrezia Calabr\u00f2 Visconti, Angel Moya Garcia, Francesca Lazzarini, Gabriele Lorenzoni, Giangavino Pazzola, Mauro Zanchi<\/strong>.<br \/>\nLe opere finaliste saranno esposte a Villa Brandolini a Pieve di Soligo (Tv) dal 23 novembre al 15 dicembre 2019; durante il <em>vernissage<\/em> saranno proclamati i vincitori alla presenza degli operatori, della stampa e del pubblico.<\/p>\n<p>&nbsp;<\/p>\n<p>Il Premio \u00e8 promosso da Fondazione Francesco Fabbri e reso possibile grazie al supporto della famiglia Fabbri e alla collaborazione del Comune di Pieve di Soligo. Rassegna inserita in Reteventi 2019 della Provincia di Treviso e Regione del Veneto, con il patrocinato di Landscapes Stories e TRA (Treviso Ricerca Arte).<\/p>\n<p>&nbsp;<\/p>\n<p>Info e bando:<br \/>\n<a href=\"\/it\/arti\/premio-francesco-fabbri-2019\/\">www.fondazionefrancescofabbri.it\/it\/arti\/premio-francesco-fabbri-2019<\/a><br \/>\n<a href=\"mailto:premio@fondazionefrancescofabbri.it\">premio@fondazionefrancescofabbri.it<\/a><\/p>\n<p>&nbsp;<\/p>\n<p>Fondazione Francesco Fabbri Onlus<br \/>\nVia Fabbri n\u00b0 16 &#8211; Solighetto<br \/>\n31053 Pieve di Soligo (TV)[\/vc_column_text][\/vc_column][\/vc_row]<\/p>\n<\/section>","protected":false},"excerpt":{"rendered":"<p>Premio Francesco Fabbri per le Arti Contemporanee: prorogate le iscrizioni al 17 settembre.<\/p>\n","protected":false},"author":3,"featured_media":2330,"comment_status":"open","ping_status":"open","sticky":false,"template":"","format":"standard","meta":[],"categories":[40,3,23,6,22],"tags":[],"acf":[],"yoast_head":"<!-- This site is optimized with the Yoast SEO plugin v20.8 - https:\/\/yoast.com\/wordpress\/plugins\/seo\/ -->\n<title>Comunicato stampa del 02.09.19 - Fondazione Francesco Fabbri<\/title>\n<meta name=\"robots\" content=\"index, follow, max-snippet:-1, max-image-preview:large, max-video-preview:-1\" \/>\n<link rel=\"canonical\" href=\"https:\/\/www.fondazionefrancescofabbri.it\/it\/2019\/09\/03\/comunicato-stampa-del-02-09-19\/\" \/>\n<meta property=\"og:locale\" content=\"it_IT\" \/>\n<meta property=\"og:type\" content=\"article\" \/>\n<meta property=\"og:title\" content=\"Comunicato stampa del 02.09.19 - Fondazione Francesco Fabbri\" \/>\n<meta property=\"og:description\" content=\"Premio Francesco Fabbri per le Arti Contemporanee: prorogate le iscrizioni al 17 settembre.\" \/>\n<meta property=\"og:url\" content=\"https:\/\/www.fondazionefrancescofabbri.it\/it\/2019\/09\/03\/comunicato-stampa-del-02-09-19\/\" \/>\n<meta property=\"og:site_name\" content=\"Fondazione Francesco Fabbri\" \/>\n<meta property=\"article:published_time\" content=\"2019-09-03T15:19:13+00:00\" \/>\n<meta property=\"article:modified_time\" content=\"2019-10-31T09:16:56+00:00\" \/>\n<meta property=\"og:image\" content=\"https:\/\/www.fondazionefrancescofabbri.it\/wp-content\/uploads\/2019\/05\/premio-francesco-fabbri-2019-c.jpg\" \/>\n\t<meta property=\"og:image:width\" content=\"1100\" \/>\n\t<meta property=\"og:image:height\" content=\"700\" \/>\n\t<meta property=\"og:image:type\" content=\"image\/jpeg\" \/>\n<meta name=\"author\" content=\"Fondazione Francesco Fabbri\" \/>\n<meta name=\"twitter:card\" content=\"summary_large_image\" \/>\n<meta name=\"twitter:label1\" content=\"Scritto da\" \/>\n\t<meta name=\"twitter:data1\" content=\"Fondazione Francesco Fabbri\" \/>\n\t<meta name=\"twitter:label2\" content=\"Tempo di lettura stimato\" \/>\n\t<meta name=\"twitter:data2\" content=\"2 minuti\" \/>\n<script type=\"application\/ld+json\" class=\"yoast-schema-graph\">{\"@context\":\"https:\/\/schema.org\",\"@graph\":[{\"@type\":\"WebPage\",\"@id\":\"https:\/\/www.fondazionefrancescofabbri.it\/it\/2019\/09\/03\/comunicato-stampa-del-02-09-19\/\",\"url\":\"https:\/\/www.fondazionefrancescofabbri.it\/it\/2019\/09\/03\/comunicato-stampa-del-02-09-19\/\",\"name\":\"Comunicato stampa del 02.09.19 - Fondazione Francesco Fabbri\",\"isPartOf\":{\"@id\":\"https:\/\/www.fondazionefrancescofabbri.it\/en\/#website\"},\"datePublished\":\"2019-09-03T15:19:13+00:00\",\"dateModified\":\"2019-10-31T09:16:56+00:00\",\"author\":{\"@id\":\"https:\/\/www.fondazionefrancescofabbri.it\/en\/#\/schema\/person\/a1b33015996af6456a702df97fc81a94\"},\"breadcrumb\":{\"@id\":\"https:\/\/www.fondazionefrancescofabbri.it\/it\/2019\/09\/03\/comunicato-stampa-del-02-09-19\/#breadcrumb\"},\"inLanguage\":\"it-IT\",\"potentialAction\":[{\"@type\":\"ReadAction\",\"target\":[\"https:\/\/www.fondazionefrancescofabbri.it\/it\/2019\/09\/03\/comunicato-stampa-del-02-09-19\/\"]}]},{\"@type\":\"BreadcrumbList\",\"@id\":\"https:\/\/www.fondazionefrancescofabbri.it\/it\/2019\/09\/03\/comunicato-stampa-del-02-09-19\/#breadcrumb\",\"itemListElement\":[{\"@type\":\"ListItem\",\"position\":1,\"name\":\"Home\",\"item\":\"https:\/\/www.fondazionefrancescofabbri.it\/it\/\"},{\"@type\":\"ListItem\",\"position\":2,\"name\":\"Comunicato stampa del 02.09.19\"}]},{\"@type\":\"WebSite\",\"@id\":\"https:\/\/www.fondazionefrancescofabbri.it\/en\/#website\",\"url\":\"https:\/\/www.fondazionefrancescofabbri.it\/en\/\",\"name\":\"Fondazione Francesco Fabbri\",\"description\":\"Just another WordPress site\",\"potentialAction\":[{\"@type\":\"SearchAction\",\"target\":{\"@type\":\"EntryPoint\",\"urlTemplate\":\"https:\/\/www.fondazionefrancescofabbri.it\/en\/?s={search_term_string}\"},\"query-input\":\"required name=search_term_string\"}],\"inLanguage\":\"it-IT\"},{\"@type\":\"Person\",\"@id\":\"https:\/\/www.fondazionefrancescofabbri.it\/en\/#\/schema\/person\/a1b33015996af6456a702df97fc81a94\",\"name\":\"Fondazione Francesco Fabbri\",\"image\":{\"@type\":\"ImageObject\",\"inLanguage\":\"it-IT\",\"@id\":\"https:\/\/www.fondazionefrancescofabbri.it\/en\/#\/schema\/person\/image\/\",\"url\":\"https:\/\/secure.gravatar.com\/avatar\/8bf33eb017a5776110766f830b2b2044?s=96&d=mm&r=g\",\"contentUrl\":\"https:\/\/secure.gravatar.com\/avatar\/8bf33eb017a5776110766f830b2b2044?s=96&d=mm&r=g\",\"caption\":\"Fondazione Francesco Fabbri\"},\"url\":\"https:\/\/www.fondazionefrancescofabbri.it\/it\/author\/agata\/\"}]}<\/script>\n<!-- \/ Yoast SEO plugin. -->","yoast_head_json":{"title":"Comunicato stampa del 02.09.19 - Fondazione Francesco Fabbri","robots":{"index":"index","follow":"follow","max-snippet":"max-snippet:-1","max-image-preview":"max-image-preview:large","max-video-preview":"max-video-preview:-1"},"canonical":"https:\/\/www.fondazionefrancescofabbri.it\/it\/2019\/09\/03\/comunicato-stampa-del-02-09-19\/","og_locale":"it_IT","og_type":"article","og_title":"Comunicato stampa del 02.09.19 - Fondazione Francesco Fabbri","og_description":"Premio Francesco Fabbri per le Arti Contemporanee: prorogate le iscrizioni al 17 settembre.","og_url":"https:\/\/www.fondazionefrancescofabbri.it\/it\/2019\/09\/03\/comunicato-stampa-del-02-09-19\/","og_site_name":"Fondazione Francesco Fabbri","article_published_time":"2019-09-03T15:19:13+00:00","article_modified_time":"2019-10-31T09:16:56+00:00","og_image":[{"width":1100,"height":700,"url":"https:\/\/www.fondazionefrancescofabbri.it\/wp-content\/uploads\/2019\/05\/premio-francesco-fabbri-2019-c.jpg","type":"image\/jpeg"}],"author":"Fondazione Francesco Fabbri","twitter_card":"summary_large_image","twitter_misc":{"Scritto da":"Fondazione Francesco Fabbri","Tempo di lettura stimato":"2 minuti"},"schema":{"@context":"https:\/\/schema.org","@graph":[{"@type":"WebPage","@id":"https:\/\/www.fondazionefrancescofabbri.it\/it\/2019\/09\/03\/comunicato-stampa-del-02-09-19\/","url":"https:\/\/www.fondazionefrancescofabbri.it\/it\/2019\/09\/03\/comunicato-stampa-del-02-09-19\/","name":"Comunicato stampa del 02.09.19 - Fondazione Francesco Fabbri","isPartOf":{"@id":"https:\/\/www.fondazionefrancescofabbri.it\/en\/#website"},"datePublished":"2019-09-03T15:19:13+00:00","dateModified":"2019-10-31T09:16:56+00:00","author":{"@id":"https:\/\/www.fondazionefrancescofabbri.it\/en\/#\/schema\/person\/a1b33015996af6456a702df97fc81a94"},"breadcrumb":{"@id":"https:\/\/www.fondazionefrancescofabbri.it\/it\/2019\/09\/03\/comunicato-stampa-del-02-09-19\/#breadcrumb"},"inLanguage":"it-IT","potentialAction":[{"@type":"ReadAction","target":["https:\/\/www.fondazionefrancescofabbri.it\/it\/2019\/09\/03\/comunicato-stampa-del-02-09-19\/"]}]},{"@type":"BreadcrumbList","@id":"https:\/\/www.fondazionefrancescofabbri.it\/it\/2019\/09\/03\/comunicato-stampa-del-02-09-19\/#breadcrumb","itemListElement":[{"@type":"ListItem","position":1,"name":"Home","item":"https:\/\/www.fondazionefrancescofabbri.it\/it\/"},{"@type":"ListItem","position":2,"name":"Comunicato stampa del 02.09.19"}]},{"@type":"WebSite","@id":"https:\/\/www.fondazionefrancescofabbri.it\/en\/#website","url":"https:\/\/www.fondazionefrancescofabbri.it\/en\/","name":"Fondazione Francesco Fabbri","description":"Just another WordPress site","potentialAction":[{"@type":"SearchAction","target":{"@type":"EntryPoint","urlTemplate":"https:\/\/www.fondazionefrancescofabbri.it\/en\/?s={search_term_string}"},"query-input":"required name=search_term_string"}],"inLanguage":"it-IT"},{"@type":"Person","@id":"https:\/\/www.fondazionefrancescofabbri.it\/en\/#\/schema\/person\/a1b33015996af6456a702df97fc81a94","name":"Fondazione Francesco Fabbri","image":{"@type":"ImageObject","inLanguage":"it-IT","@id":"https:\/\/www.fondazionefrancescofabbri.it\/en\/#\/schema\/person\/image\/","url":"https:\/\/secure.gravatar.com\/avatar\/8bf33eb017a5776110766f830b2b2044?s=96&d=mm&r=g","contentUrl":"https:\/\/secure.gravatar.com\/avatar\/8bf33eb017a5776110766f830b2b2044?s=96&d=mm&r=g","caption":"Fondazione Francesco Fabbri"},"url":"https:\/\/www.fondazionefrancescofabbri.it\/it\/author\/agata\/"}]}},"_links":{"self":[{"href":"https:\/\/www.fondazionefrancescofabbri.it\/it\/wp-json\/wp\/v2\/posts\/2408"}],"collection":[{"href":"https:\/\/www.fondazionefrancescofabbri.it\/it\/wp-json\/wp\/v2\/posts"}],"about":[{"href":"https:\/\/www.fondazionefrancescofabbri.it\/it\/wp-json\/wp\/v2\/types\/post"}],"author":[{"embeddable":true,"href":"https:\/\/www.fondazionefrancescofabbri.it\/it\/wp-json\/wp\/v2\/users\/3"}],"replies":[{"embeddable":true,"href":"https:\/\/www.fondazionefrancescofabbri.it\/it\/wp-json\/wp\/v2\/comments?post=2408"}],"version-history":[{"count":2,"href":"https:\/\/www.fondazionefrancescofabbri.it\/it\/wp-json\/wp\/v2\/posts\/2408\/revisions"}],"predecessor-version":[{"id":2439,"href":"https:\/\/www.fondazionefrancescofabbri.it\/it\/wp-json\/wp\/v2\/posts\/2408\/revisions\/2439"}],"wp:featuredmedia":[{"embeddable":true,"href":"https:\/\/www.fondazionefrancescofabbri.it\/it\/wp-json\/wp\/v2\/media\/2330"}],"wp:attachment":[{"href":"https:\/\/www.fondazionefrancescofabbri.it\/it\/wp-json\/wp\/v2\/media?parent=2408"}],"wp:term":[{"taxonomy":"category","embeddable":true,"href":"https:\/\/www.fondazionefrancescofabbri.it\/it\/wp-json\/wp\/v2\/categories?post=2408"},{"taxonomy":"post_tag","embeddable":true,"href":"https:\/\/www.fondazionefrancescofabbri.it\/it\/wp-json\/wp\/v2\/tags?post=2408"}],"curies":[{"name":"wp","href":"https:\/\/api.w.org\/{rel}","templated":true}]}}