{"id":2474,"date":"2019-11-25T09:14:28","date_gmt":"2019-11-25T09:14:28","guid":{"rendered":"https:\/\/www.fondazionefrancescofabbri.it\/?p=2474"},"modified":"2019-11-25T09:14:28","modified_gmt":"2019-11-25T09:14:28","slug":"comunicato-stampa-23-11-19","status":"publish","type":"post","link":"https:\/\/www.fondazionefrancescofabbri.it\/it\/2019\/11\/25\/comunicato-stampa-23-11-19\/","title":{"rendered":"Comunicato stampa del 23.11.19"},"content":{"rendered":"<section class=\"wpb-content-wrapper\"><p>[vc_row][vc_column][vc_column_text]<strong>Annunciati i vincitori dell&#8217;ottava edizione del Premio Francesco Fabbri per le arti contemporanee<\/strong><\/p>\n<p>&nbsp;<\/p>\n<p>Sabato <strong>23 novembre 2019<\/strong> nel corso del vernissage della mostra collettiva dei finalisti a cura di <strong>Carlo Sala<\/strong> sono stati annunciati alla stampa e al pubblico i <strong>vincitori<\/strong> ed i <strong>menzionati<\/strong> dell&#8217;Ottava edizione del <em><strong>Premio Francesco Fabbri per le Arti Contemporanee<\/strong><\/em>. La manifestazione \u00e8 promossa da Fondazione Francesco Fabbri in collaborazione con il Comune di Pieve di Soligo, con il sostegno della Regione del Veneto e di Cr\u00e9dit Agricole FriulAdria.<\/p>\n<p>&nbsp;<\/p>\n<p>A <strong>vincere<\/strong> l&#8217;ottava edizione del Premio Fabbri nella sezione &#8220;<strong>Arte emergente<\/strong>&#8221; \u00e8 <strong>Amos Cappuccio<\/strong> (Sanremo, 1988) con il lavoro <em>We Are In Excellent Physical and Emotional Health<\/em> (2017-2019). L&#8217;opera prende le mosse dal romanzo <em>Invisible Man<\/em> (1952) di Ralph Waldo Ellison ambientato a New York negli anni Quaranta del Novecento, dove il protagonista tenta di inseguire il sogno americano trovandosi invece relegato ai margini della societ\u00e0 in una condizione di metaforica &#8220;invisibilit\u00e0&#8221; che accomuna la comunit\u00e0 nera di Harlem. Il lavoro di Cappuccio \u00e8 un&#8217;installazione audio composta da una pluralit\u00e0 di fonti (rumori, canti tradizionali, composizioni musicali) dove il suono ha la funzione di creare una dimensione narrativa ed evocarne una visiva, capaci di problematizzare la condizione di una minoranza soggetta a processi di esclusione sociale.<\/p>\n<p>&nbsp;<\/p>\n<p>La prima &#8220;<strong>Menzione della Giuria-Cr\u00e9dit Agricole FriulAdria<\/strong>&#8221; \u00e8 stata attribuita a <strong>Martina Camani<\/strong> (Vicenza, 1994) per l&#8217;installazione <em>Della totalit\u00e0<\/em> (2019), realizzata attraverso una serie di applicazioni su stoffa. L&#8217;artista porta avanti una ricerca ibrida che si muove tra le arti visive e quelle performative, come succede nel lavoro esposto che \u00e8 strettamente legato alla performance teatrale <em>ANGELI &#8211; Animali dell&#8217;anima<\/em> (2019). L&#8217;opera riporta le fattezze dai tratti minimali di otto animali (cervo, unicorno, pavone, tartaruga, pangolino, chiocciola, polipo e ornitorinco) che rimandano a una dimensione simbolica e archetipica che si ripresenta in modo ciclico nella storia rifacendosi a concetti come il cosmo e il divino. La <strong>seconda menzione<\/strong> \u00e8 andata a <strong>Vincent Ceraudo<\/strong> (Fontainebleau, 1986) per il lavoro <em>From there we came outside and we saw the stars<\/em> (2019). Il video \u00e8 una ricognizione poetica sul lavoro del grande architetto razionalista italiano Giuseppe Terragni attraverso una persistenza dello sguardo che indaga le superfici degli edifici tra formalismo e percezione soggettiva, visione analitica e memoria. In particolare sono ripercorsi due celebri progetti, l&#8217;Asilo Sant&#8217;Elia di Como e il Danteum, un monumento irrealizzato dedicato al &#8220;Divino Poeta&#8221; Dante Alighieri che avrebbe dovuto sorgere a Roma per incarnare la cultura e i valori della nazione. Il lavoro di Ceraudo si \u00e8 anche aggiudicato il <strong>Premio Speciale Lago Film Fest<\/strong> che dedicher\u00e0 un evento all&#8217;artista durante l&#8217;edizione 2020.<\/p>\n<p>&nbsp;<\/p>\n<p>Alcune opere della sezione &#8220;<strong>Fotografia contemporanea<\/strong>&#8221; del Premio Fabbri conducono lo spettatore a una serie di riflessioni sull&#8217;influenza delle immagini all&#8217;interno della vita quotidiana, come il lavoro <em>Self Portrait from Surveillance Camera<\/em> (2019) di <strong>Irene Fenara<\/strong> (Bologna, 1990) che \u00e8 risultato <strong>vincitore<\/strong> del concorso. L&#8217;opera rende evidente come nella societ\u00e0 attuale alcune forme di visione afferiscano all&#8217;ambito della biopolitica e siano strettamente connesse ai temi del potere. Per realizzare le immagini di questa serie, l&#8217;artista si \u00e8 recata davanti a delle telecamere di sorveglianza per imporre la sua presenza e mettere cos\u00ec in crisi la bipartizione di ruoli tra osservatore e osservato.<\/p>\n<p>&nbsp;<\/p>\n<p>Il collettivo <strong>Die Furlani-Gobbi Sammlung<\/strong> (formato da Marco Furlani e Jonathan Gobbi) si \u00e8 aggiudicato la prima <strong>menzione<\/strong> della giuria con l&#8217;opera <em>Sottomesso \u00e8 il paesaggio<\/em> (2019); l&#8217;immagine \u00e8 un attraversamento dell&#8217;iconografia paesaggistica che viene &#8220;sezionata&#8221; criticamente e ricomposta attraverso una pluralit\u00e0 di rimandi visivi che vanno dalla pittura romantica di Caspar David\u00a0Friedrich alla rappresentazione della figura dell&#8217;esploratore, dallo stereotipo turistico fino all&#8217;immaginario social. Il protagonista del lavoro assume una posa connaturata da un eccessivo pathos dove natura e artifizio si fondono fino a mettere in dubbio la nozione stessa di paesaggio.<\/p>\n<p>&nbsp;<\/p>\n<p>Il lavoro <em>Untitled<\/em> (dalla serie <em>Most Were Silent<\/em>) del 2016 di <strong>Anush Hamzehian<\/strong> (Padova, 1980) e <strong>Vittorio Mortarotti<\/strong> (Savigliano, 1982) ha ricevuto la <strong>seconda menzione<\/strong> della giuria per aver saputo indagare il rapporto tra potere, geopolitica e memoria attraverso una specifica vicenda del secolo breve. Il ciclo fotografico \u00e8 stato realizzato ad Alamogordo in New Mexico, una cittadina che a prima vista appare convenzionale e del tutto marginale per il corso della grande storia. Vicino a quella localit\u00e0 invece vi \u00e8 una base segreta dove sono stati compiuti una serie di test che hanno dato l&#8217;avvio all&#8217;era atomica, un arco di tempo che si \u00e8 dispiegato dalla seconda guerra mondiale fino al termine della guerra fredda condizionando profondamente le sorti mondiali. Anche in questo caso il paesaggio quotidiano si carica di una serie di elementi simbolici e diviene l&#8217;involontario portatore di istanze latenti che travalicano la letteralit\u00e0 della sua morfologia.<\/p>\n<p>&nbsp;<\/p>\n<p>I vincitori hanno ricevuto un premio acquisto di <strong>5.000 euro<\/strong> e i loro lavori sono entrati a far parte della <strong>collezione della Fondazione Francesco Fabbri Onlus<\/strong>, che li custodir\u00e0 a <strong>Casa Fabbri<\/strong>, il centro residenziale teatro di numerosi eventi. I lavori finalisti rimarranno esposti fino al 16 dicembre nella mostra collettiva di Villa Brandolini.<\/p>\n<p>&nbsp;<\/p>\n<p>La composizione delle Giurie del Premio ha potuto annoverare autorevoli critici e curatori: <strong>Matteo Balduzzi, Lorenzo Balbi, Lucrezia Calabr\u00f2 Visconti, Angel Moya Garcia, Francesca Lazzarini, Gabriele Lorenzoni, Giangavino Pazzola, Mauro Zanchi<\/strong> e il curatore del Premio <strong>Carlo Sala<\/strong>.<\/p>\n<p>&nbsp;<\/p>\n<p><strong> Premio Francesco Fabbri per le Arti Contemporanee \/\/ Ottava edizione <\/strong><br \/>\na cura di Carlo Sala<br \/>\nVilla Brandolini, Solighetto di Pieve di Soligo (Treviso), Piazza Libert\u00e0 n\u00b07<br \/>\n24 novembre \u2013 15 dicembre 2019<\/p>\n<p>&nbsp;<\/p>\n<p>Il Premio \u00e8 promosso dalla Fondazione Francesco Fabbri in collaborazione con il Comune di Pieve di Soligo con il sostegno della Regione del Veneto e di Cr\u00e9dit Agricole FriulAdria. \u00c8 inserito nel palinsesto regionale RetEventi Cultura Veneto 2018 per la Provincia di Treviso; con il patrocinio di TRA e Lago Film Fest.<\/p>\n<p>&nbsp;<\/p>\n<p>Orari di apertura: venerd\u00ec e sabato 16.00-19.00; domenica 10.00-12.30 e 16.00-19.00.<br \/>\nIngresso libero.[\/vc_column_text][\/vc_column][\/vc_row]<\/p>\n<\/section>","protected":false},"excerpt":{"rendered":"<p>Annunciati i finalisti del Premio Fabbri 2019<\/p>\n","protected":false},"author":3,"featured_media":2330,"comment_status":"open","ping_status":"open","sticky":false,"template":"","format":"standard","meta":[],"categories":[40,3,23,6,22],"tags":[],"acf":[],"yoast_head":"<!-- This site is optimized with the Yoast SEO plugin v20.8 - https:\/\/yoast.com\/wordpress\/plugins\/seo\/ -->\n<title>Comunicato stampa del 23.11.19 - Fondazione Francesco Fabbri<\/title>\n<meta name=\"robots\" content=\"index, follow, max-snippet:-1, max-image-preview:large, max-video-preview:-1\" \/>\n<link rel=\"canonical\" href=\"https:\/\/www.fondazionefrancescofabbri.it\/it\/2019\/11\/25\/comunicato-stampa-23-11-19\/\" \/>\n<meta property=\"og:locale\" content=\"it_IT\" \/>\n<meta property=\"og:type\" content=\"article\" \/>\n<meta property=\"og:title\" content=\"Comunicato stampa del 23.11.19 - Fondazione Francesco Fabbri\" \/>\n<meta property=\"og:description\" content=\"Annunciati i finalisti del Premio Fabbri 2019\" \/>\n<meta property=\"og:url\" content=\"https:\/\/www.fondazionefrancescofabbri.it\/it\/2019\/11\/25\/comunicato-stampa-23-11-19\/\" \/>\n<meta property=\"og:site_name\" content=\"Fondazione Francesco Fabbri\" \/>\n<meta property=\"article:published_time\" content=\"2019-11-25T09:14:28+00:00\" \/>\n<meta property=\"og:image\" content=\"https:\/\/www.fondazionefrancescofabbri.it\/wp-content\/uploads\/2019\/05\/premio-francesco-fabbri-2019-c.jpg\" \/>\n\t<meta property=\"og:image:width\" content=\"1100\" \/>\n\t<meta property=\"og:image:height\" content=\"700\" \/>\n\t<meta property=\"og:image:type\" content=\"image\/jpeg\" \/>\n<meta name=\"author\" content=\"Fondazione Francesco Fabbri\" \/>\n<meta name=\"twitter:card\" content=\"summary_large_image\" \/>\n<meta name=\"twitter:label1\" content=\"Scritto da\" \/>\n\t<meta name=\"twitter:data1\" content=\"Fondazione Francesco Fabbri\" \/>\n\t<meta name=\"twitter:label2\" content=\"Tempo di lettura stimato\" \/>\n\t<meta name=\"twitter:data2\" content=\"5 minuti\" \/>\n<script type=\"application\/ld+json\" class=\"yoast-schema-graph\">{\"@context\":\"https:\/\/schema.org\",\"@graph\":[{\"@type\":\"WebPage\",\"@id\":\"https:\/\/www.fondazionefrancescofabbri.it\/it\/2019\/11\/25\/comunicato-stampa-23-11-19\/\",\"url\":\"https:\/\/www.fondazionefrancescofabbri.it\/it\/2019\/11\/25\/comunicato-stampa-23-11-19\/\",\"name\":\"Comunicato stampa del 23.11.19 - Fondazione Francesco Fabbri\",\"isPartOf\":{\"@id\":\"https:\/\/www.fondazionefrancescofabbri.it\/en\/#website\"},\"datePublished\":\"2019-11-25T09:14:28+00:00\",\"dateModified\":\"2019-11-25T09:14:28+00:00\",\"author\":{\"@id\":\"https:\/\/www.fondazionefrancescofabbri.it\/en\/#\/schema\/person\/a1b33015996af6456a702df97fc81a94\"},\"breadcrumb\":{\"@id\":\"https:\/\/www.fondazionefrancescofabbri.it\/it\/2019\/11\/25\/comunicato-stampa-23-11-19\/#breadcrumb\"},\"inLanguage\":\"it-IT\",\"potentialAction\":[{\"@type\":\"ReadAction\",\"target\":[\"https:\/\/www.fondazionefrancescofabbri.it\/it\/2019\/11\/25\/comunicato-stampa-23-11-19\/\"]}]},{\"@type\":\"BreadcrumbList\",\"@id\":\"https:\/\/www.fondazionefrancescofabbri.it\/it\/2019\/11\/25\/comunicato-stampa-23-11-19\/#breadcrumb\",\"itemListElement\":[{\"@type\":\"ListItem\",\"position\":1,\"name\":\"Home\",\"item\":\"https:\/\/www.fondazionefrancescofabbri.it\/it\/\"},{\"@type\":\"ListItem\",\"position\":2,\"name\":\"Comunicato stampa del 23.11.19\"}]},{\"@type\":\"WebSite\",\"@id\":\"https:\/\/www.fondazionefrancescofabbri.it\/en\/#website\",\"url\":\"https:\/\/www.fondazionefrancescofabbri.it\/en\/\",\"name\":\"Fondazione Francesco Fabbri\",\"description\":\"Just another WordPress site\",\"potentialAction\":[{\"@type\":\"SearchAction\",\"target\":{\"@type\":\"EntryPoint\",\"urlTemplate\":\"https:\/\/www.fondazionefrancescofabbri.it\/en\/?s={search_term_string}\"},\"query-input\":\"required name=search_term_string\"}],\"inLanguage\":\"it-IT\"},{\"@type\":\"Person\",\"@id\":\"https:\/\/www.fondazionefrancescofabbri.it\/en\/#\/schema\/person\/a1b33015996af6456a702df97fc81a94\",\"name\":\"Fondazione Francesco Fabbri\",\"image\":{\"@type\":\"ImageObject\",\"inLanguage\":\"it-IT\",\"@id\":\"https:\/\/www.fondazionefrancescofabbri.it\/en\/#\/schema\/person\/image\/\",\"url\":\"https:\/\/secure.gravatar.com\/avatar\/8bf33eb017a5776110766f830b2b2044?s=96&d=mm&r=g\",\"contentUrl\":\"https:\/\/secure.gravatar.com\/avatar\/8bf33eb017a5776110766f830b2b2044?s=96&d=mm&r=g\",\"caption\":\"Fondazione Francesco Fabbri\"},\"url\":\"https:\/\/www.fondazionefrancescofabbri.it\/it\/author\/agata\/\"}]}<\/script>\n<!-- \/ Yoast SEO plugin. -->","yoast_head_json":{"title":"Comunicato stampa del 23.11.19 - Fondazione Francesco Fabbri","robots":{"index":"index","follow":"follow","max-snippet":"max-snippet:-1","max-image-preview":"max-image-preview:large","max-video-preview":"max-video-preview:-1"},"canonical":"https:\/\/www.fondazionefrancescofabbri.it\/it\/2019\/11\/25\/comunicato-stampa-23-11-19\/","og_locale":"it_IT","og_type":"article","og_title":"Comunicato stampa del 23.11.19 - Fondazione Francesco Fabbri","og_description":"Annunciati i finalisti del Premio Fabbri 2019","og_url":"https:\/\/www.fondazionefrancescofabbri.it\/it\/2019\/11\/25\/comunicato-stampa-23-11-19\/","og_site_name":"Fondazione Francesco Fabbri","article_published_time":"2019-11-25T09:14:28+00:00","og_image":[{"width":1100,"height":700,"url":"https:\/\/www.fondazionefrancescofabbri.it\/wp-content\/uploads\/2019\/05\/premio-francesco-fabbri-2019-c.jpg","type":"image\/jpeg"}],"author":"Fondazione Francesco Fabbri","twitter_card":"summary_large_image","twitter_misc":{"Scritto da":"Fondazione Francesco Fabbri","Tempo di lettura stimato":"5 minuti"},"schema":{"@context":"https:\/\/schema.org","@graph":[{"@type":"WebPage","@id":"https:\/\/www.fondazionefrancescofabbri.it\/it\/2019\/11\/25\/comunicato-stampa-23-11-19\/","url":"https:\/\/www.fondazionefrancescofabbri.it\/it\/2019\/11\/25\/comunicato-stampa-23-11-19\/","name":"Comunicato stampa del 23.11.19 - Fondazione Francesco Fabbri","isPartOf":{"@id":"https:\/\/www.fondazionefrancescofabbri.it\/en\/#website"},"datePublished":"2019-11-25T09:14:28+00:00","dateModified":"2019-11-25T09:14:28+00:00","author":{"@id":"https:\/\/www.fondazionefrancescofabbri.it\/en\/#\/schema\/person\/a1b33015996af6456a702df97fc81a94"},"breadcrumb":{"@id":"https:\/\/www.fondazionefrancescofabbri.it\/it\/2019\/11\/25\/comunicato-stampa-23-11-19\/#breadcrumb"},"inLanguage":"it-IT","potentialAction":[{"@type":"ReadAction","target":["https:\/\/www.fondazionefrancescofabbri.it\/it\/2019\/11\/25\/comunicato-stampa-23-11-19\/"]}]},{"@type":"BreadcrumbList","@id":"https:\/\/www.fondazionefrancescofabbri.it\/it\/2019\/11\/25\/comunicato-stampa-23-11-19\/#breadcrumb","itemListElement":[{"@type":"ListItem","position":1,"name":"Home","item":"https:\/\/www.fondazionefrancescofabbri.it\/it\/"},{"@type":"ListItem","position":2,"name":"Comunicato stampa del 23.11.19"}]},{"@type":"WebSite","@id":"https:\/\/www.fondazionefrancescofabbri.it\/en\/#website","url":"https:\/\/www.fondazionefrancescofabbri.it\/en\/","name":"Fondazione Francesco Fabbri","description":"Just another WordPress site","potentialAction":[{"@type":"SearchAction","target":{"@type":"EntryPoint","urlTemplate":"https:\/\/www.fondazionefrancescofabbri.it\/en\/?s={search_term_string}"},"query-input":"required name=search_term_string"}],"inLanguage":"it-IT"},{"@type":"Person","@id":"https:\/\/www.fondazionefrancescofabbri.it\/en\/#\/schema\/person\/a1b33015996af6456a702df97fc81a94","name":"Fondazione Francesco Fabbri","image":{"@type":"ImageObject","inLanguage":"it-IT","@id":"https:\/\/www.fondazionefrancescofabbri.it\/en\/#\/schema\/person\/image\/","url":"https:\/\/secure.gravatar.com\/avatar\/8bf33eb017a5776110766f830b2b2044?s=96&d=mm&r=g","contentUrl":"https:\/\/secure.gravatar.com\/avatar\/8bf33eb017a5776110766f830b2b2044?s=96&d=mm&r=g","caption":"Fondazione Francesco Fabbri"},"url":"https:\/\/www.fondazionefrancescofabbri.it\/it\/author\/agata\/"}]}},"_links":{"self":[{"href":"https:\/\/www.fondazionefrancescofabbri.it\/it\/wp-json\/wp\/v2\/posts\/2474"}],"collection":[{"href":"https:\/\/www.fondazionefrancescofabbri.it\/it\/wp-json\/wp\/v2\/posts"}],"about":[{"href":"https:\/\/www.fondazionefrancescofabbri.it\/it\/wp-json\/wp\/v2\/types\/post"}],"author":[{"embeddable":true,"href":"https:\/\/www.fondazionefrancescofabbri.it\/it\/wp-json\/wp\/v2\/users\/3"}],"replies":[{"embeddable":true,"href":"https:\/\/www.fondazionefrancescofabbri.it\/it\/wp-json\/wp\/v2\/comments?post=2474"}],"version-history":[{"count":2,"href":"https:\/\/www.fondazionefrancescofabbri.it\/it\/wp-json\/wp\/v2\/posts\/2474\/revisions"}],"predecessor-version":[{"id":2766,"href":"https:\/\/www.fondazionefrancescofabbri.it\/it\/wp-json\/wp\/v2\/posts\/2474\/revisions\/2766"}],"wp:featuredmedia":[{"embeddable":true,"href":"https:\/\/www.fondazionefrancescofabbri.it\/it\/wp-json\/wp\/v2\/media\/2330"}],"wp:attachment":[{"href":"https:\/\/www.fondazionefrancescofabbri.it\/it\/wp-json\/wp\/v2\/media?parent=2474"}],"wp:term":[{"taxonomy":"category","embeddable":true,"href":"https:\/\/www.fondazionefrancescofabbri.it\/it\/wp-json\/wp\/v2\/categories?post=2474"},{"taxonomy":"post_tag","embeddable":true,"href":"https:\/\/www.fondazionefrancescofabbri.it\/it\/wp-json\/wp\/v2\/tags?post=2474"}],"curies":[{"name":"wp","href":"https:\/\/api.w.org\/{rel}","templated":true}]}}