{"id":2512,"date":"2020-02-04T09:08:27","date_gmt":"2020-02-04T09:08:27","guid":{"rendered":"https:\/\/www.fondazionefrancescofabbri.it\/?p=2512"},"modified":"2020-02-04T09:08:27","modified_gmt":"2020-02-04T09:08:27","slug":"fondazione-fabbri-partnership-lago-film-fest","status":"publish","type":"post","link":"https:\/\/www.fondazionefrancescofabbri.it\/it\/2020\/02\/04\/fondazione-fabbri-partnership-lago-film-fest\/","title":{"rendered":"Newsletter 12 del 05.09.19"},"content":{"rendered":"<section class=\"wpb-content-wrapper\"><p>[vc_row][vc_column][vc_column_text]<\/p>\n<p style=\"font-size: 12px; line-height: 14px;\"><strong><span style=\"font-size: 16px; line-height: 19px;\">Premio Francesco Fabbri per le Arti Contemporanee:<\/span><\/strong><\/p>\n<p style=\"font-size: 12px; line-height: 14px;\"><strong><span style=\"font-size: 16px; line-height: 19px;\">in occasione della proroga delle iscrizioni al 17 settembre<\/span><\/strong><\/p>\n<p style=\"font-size: 12px; line-height: 14px;\"><strong><span style=\"font-size: 16px; line-height: 19px;\">annuncia la partnership con Lago Film Fest<\/span><\/strong><\/p>\n<p>&nbsp;<\/p>\n<p style=\"font-size: 12px; line-height: 14px;\">Dato il grande successo di adesioni della manifestazione sono prorogate al 17 settembre 2019 le iscrizioni dell\u2019ottava edizione del Premio Francesco Fabbri per le Arti Contemporanee. Fondazione Francesco Fabbri \u00e8 lieta inoltre di annunciare la partnership con il Lago Film Fest che nell&#8217;edizione 2020 ospiter\u00e0 un autore scelto tra i sessanta finalisti del Premio Fabbri, insignito del Premio speciale LAGO FILM FEST per essersi distinto nel campo della ricerca video.<\/p>\n<p style=\"font-size: 12px; line-height: 14px;\">Il Premio Fabbri si articola in due sezioni: Arte emergente e Fotografia contemporanea. La prima \u00e8 dedicata agli autori under 35 che, secondo una logica intermediale, potranno partecipare con ogni forma creativa visiva: dalla pittura all\u2019installazione, dalla fotografia alla videoarte, dalla performance e sound art fino al disegno e alla grafica.<\/p>\n<p style=\"font-size: 12px; line-height: 14px;\">La seconda sezione invece, priva di limiti anagrafici, \u00e8 dedicata alla Fotografia contemporanea attraverso una variet\u00e0 di concezioni dello specifico medium, in continuit\u00e0 con l&#8217;attivit\u00e0 di Fondazione Francesco Fabbri che promuove il Festival F4 \/ un&#8217;idea di Fotografia ed il Master in Photography dell&#8217;Universit\u00e0 IUAV. A entrambe le sezioni potranno partecipare autori da ogni paese del mondo.<\/p>\n<p style=\"font-size: 12px; line-height: 14px;\">\u00a0Lo scenario attuale sempre pi\u00f9 variegato ed in continuo divenire vede un sistema dell&#8217;arte che si snoda attraverso una pluralit\u00e0 di proposte e interlocutori. Una manifestazione come il Premio Francesco Fabbri per le Arti Contemporanee ambisce a creare un punto di vista privilegiato sulle ricerche sintomatiche del presente: giunto alla quinta edizione vuole essere un radar capace di segnalare i processi in atto compiendo opera di scouting, con la consapevolezza di muoversi in un terreno ibrido fatto di interconnessioni tra linguaggi e saperi.<\/p>\n<p style=\"font-size: 12px; line-height: 14px;\">\u00a0Il bando \u00e8 prorogato al 17 settembre 2019 e gli artisti potranno iscriversi via web o tramite posta ordinaria. I due vincitori riceveranno un premio acquisto di 5.000 euro ciascuno, le opere entreranno nella collezione permanente di Fondazione Francesco Fabbri e saranno custodite nel centro residenziale di Casa Fabbri.<\/p>\n<p style=\"font-size: 12px; line-height: 14px;\">\u00a0Il premio, curato da Carlo Sala, gode di una prestigiosa giuria composta da critici e curatori, quali Matteo Balduzzi, Lorenzo Balbi, Lucrezia Calabr\u00f2 Visconti, Angel Moya Garcia, Francesca Lazzarini, Gabriele Lorenzoni, Giangavino Pazzola, Mauro Zanchi<\/p>\n<p style=\"font-size: 12px; line-height: 14px;\">Le opere finaliste saranno esposte a Villa Brandolini a Pieve di Soligo (Tv) dal 23 novembre al 15 dicembre 2019; durante il vernissage saranno proclamati i vincitori alla presenza degli operatori, della stampa e del pubblico.<\/p>\n<p style=\"font-size: 12px; line-height: 14px;\">\u00a0Il Premio \u00e8 promosso da Fondazione Francesco Fabbri e reso possibile grazie al supporto della famiglia Fabbri e alla collaborazione del Comune di Pieve di Soligo. Rassegna inserita in Reteventi 2019 della Provincia di Treviso e Regione del Veneto, con il patrocinato di Landscapes Stories e TRA (Treviso Ricerca Arte).<\/p>\n<p style=\"font-size: 12px; line-height: 14px;\">\u00a0Info e bando:<\/p>\n<p style=\"font-size: 12px; line-height: 14px;\">www.fondazionefrancescofabbri.it\/it\/arti\/premio-francesco-fabbri-2019\/<\/p>\n<p style=\"font-size: 12px; line-height: 14px;\">premio@fondazionefrancescofabbri.it<\/p>\n<p>\u00a0[\/vc_column_text][\/vc_column][\/vc_row]<\/p>\n<\/section>","protected":false},"excerpt":{"rendered":"<p>Fondazione Francesco Fabbri in partnership con Lago Film Fest<\/p>\n","protected":false},"author":8,"featured_media":2384,"comment_status":"open","ping_status":"open","sticky":false,"template":"","format":"standard","meta":[],"categories":[24,22],"tags":[],"acf":[],"yoast_head":"<!-- This site is optimized with the Yoast SEO plugin v20.8 - https:\/\/yoast.com\/wordpress\/plugins\/seo\/ -->\n<title>Newsletter 12 del 05.09.19 - Fondazione Francesco Fabbri<\/title>\n<meta name=\"robots\" content=\"index, follow, max-snippet:-1, max-image-preview:large, max-video-preview:-1\" \/>\n<link rel=\"canonical\" href=\"https:\/\/www.fondazionefrancescofabbri.it\/it\/2020\/02\/04\/fondazione-fabbri-partnership-lago-film-fest\/\" \/>\n<meta property=\"og:locale\" content=\"it_IT\" \/>\n<meta property=\"og:type\" content=\"article\" \/>\n<meta property=\"og:title\" content=\"Newsletter 12 del 05.09.19 - Fondazione Francesco Fabbri\" \/>\n<meta property=\"og:description\" content=\"Fondazione Francesco Fabbri in partnership con Lago Film Fest\" \/>\n<meta property=\"og:url\" content=\"https:\/\/www.fondazionefrancescofabbri.it\/it\/2020\/02\/04\/fondazione-fabbri-partnership-lago-film-fest\/\" \/>\n<meta property=\"og:site_name\" content=\"Fondazione Francesco Fabbri\" \/>\n<meta property=\"article:published_time\" content=\"2020-02-04T09:08:27+00:00\" \/>\n<meta property=\"og:image\" content=\"https:\/\/www.fondazionefrancescofabbri.it\/wp-content\/uploads\/2019\/07\/Lago-Film-Fest-1.png\" \/>\n\t<meta property=\"og:image:width\" content=\"960\" \/>\n\t<meta property=\"og:image:height\" content=\"960\" \/>\n\t<meta property=\"og:image:type\" content=\"image\/png\" \/>\n<meta name=\"author\" content=\"Fondazione Francesco Fabbri\" \/>\n<meta name=\"twitter:card\" content=\"summary_large_image\" \/>\n<meta name=\"twitter:label1\" content=\"Scritto da\" \/>\n\t<meta name=\"twitter:data1\" content=\"Fondazione Francesco Fabbri\" \/>\n\t<meta name=\"twitter:label2\" content=\"Tempo di lettura stimato\" \/>\n\t<meta name=\"twitter:data2\" content=\"2 minuti\" \/>\n<script type=\"application\/ld+json\" class=\"yoast-schema-graph\">{\"@context\":\"https:\/\/schema.org\",\"@graph\":[{\"@type\":\"WebPage\",\"@id\":\"https:\/\/www.fondazionefrancescofabbri.it\/it\/2020\/02\/04\/fondazione-fabbri-partnership-lago-film-fest\/\",\"url\":\"https:\/\/www.fondazionefrancescofabbri.it\/it\/2020\/02\/04\/fondazione-fabbri-partnership-lago-film-fest\/\",\"name\":\"Newsletter 12 del 05.09.19 - Fondazione Francesco Fabbri\",\"isPartOf\":{\"@id\":\"https:\/\/www.fondazionefrancescofabbri.it\/en\/#website\"},\"datePublished\":\"2020-02-04T09:08:27+00:00\",\"dateModified\":\"2020-02-04T09:08:27+00:00\",\"author\":{\"@id\":\"https:\/\/www.fondazionefrancescofabbri.it\/en\/#\/schema\/person\/674c3629d79d89f3c0974d34d33e6200\"},\"breadcrumb\":{\"@id\":\"https:\/\/www.fondazionefrancescofabbri.it\/it\/2020\/02\/04\/fondazione-fabbri-partnership-lago-film-fest\/#breadcrumb\"},\"inLanguage\":\"it-IT\",\"potentialAction\":[{\"@type\":\"ReadAction\",\"target\":[\"https:\/\/www.fondazionefrancescofabbri.it\/it\/2020\/02\/04\/fondazione-fabbri-partnership-lago-film-fest\/\"]}]},{\"@type\":\"BreadcrumbList\",\"@id\":\"https:\/\/www.fondazionefrancescofabbri.it\/it\/2020\/02\/04\/fondazione-fabbri-partnership-lago-film-fest\/#breadcrumb\",\"itemListElement\":[{\"@type\":\"ListItem\",\"position\":1,\"name\":\"Home\",\"item\":\"https:\/\/www.fondazionefrancescofabbri.it\/it\/\"},{\"@type\":\"ListItem\",\"position\":2,\"name\":\"Newsletter 12 del 05.09.19\"}]},{\"@type\":\"WebSite\",\"@id\":\"https:\/\/www.fondazionefrancescofabbri.it\/en\/#website\",\"url\":\"https:\/\/www.fondazionefrancescofabbri.it\/en\/\",\"name\":\"Fondazione Francesco Fabbri\",\"description\":\"Just another WordPress site\",\"potentialAction\":[{\"@type\":\"SearchAction\",\"target\":{\"@type\":\"EntryPoint\",\"urlTemplate\":\"https:\/\/www.fondazionefrancescofabbri.it\/en\/?s={search_term_string}\"},\"query-input\":\"required name=search_term_string\"}],\"inLanguage\":\"it-IT\"},{\"@type\":\"Person\",\"@id\":\"https:\/\/www.fondazionefrancescofabbri.it\/en\/#\/schema\/person\/674c3629d79d89f3c0974d34d33e6200\",\"name\":\"Fondazione Francesco Fabbri\",\"image\":{\"@type\":\"ImageObject\",\"inLanguage\":\"it-IT\",\"@id\":\"https:\/\/www.fondazionefrancescofabbri.it\/en\/#\/schema\/person\/image\/\",\"url\":\"https:\/\/secure.gravatar.com\/avatar\/ec2c804d96abd506edd38ca09d6a13e6?s=96&d=mm&r=g\",\"contentUrl\":\"https:\/\/secure.gravatar.com\/avatar\/ec2c804d96abd506edd38ca09d6a13e6?s=96&d=mm&r=g\",\"caption\":\"Fondazione Francesco Fabbri\"},\"url\":\"https:\/\/www.fondazionefrancescofabbri.it\/it\/author\/fondazione-francesco-fabbri\/\"}]}<\/script>\n<!-- \/ Yoast SEO plugin. -->","yoast_head_json":{"title":"Newsletter 12 del 05.09.19 - Fondazione Francesco Fabbri","robots":{"index":"index","follow":"follow","max-snippet":"max-snippet:-1","max-image-preview":"max-image-preview:large","max-video-preview":"max-video-preview:-1"},"canonical":"https:\/\/www.fondazionefrancescofabbri.it\/it\/2020\/02\/04\/fondazione-fabbri-partnership-lago-film-fest\/","og_locale":"it_IT","og_type":"article","og_title":"Newsletter 12 del 05.09.19 - Fondazione Francesco Fabbri","og_description":"Fondazione Francesco Fabbri in partnership con Lago Film Fest","og_url":"https:\/\/www.fondazionefrancescofabbri.it\/it\/2020\/02\/04\/fondazione-fabbri-partnership-lago-film-fest\/","og_site_name":"Fondazione Francesco Fabbri","article_published_time":"2020-02-04T09:08:27+00:00","og_image":[{"width":960,"height":960,"url":"https:\/\/www.fondazionefrancescofabbri.it\/wp-content\/uploads\/2019\/07\/Lago-Film-Fest-1.png","type":"image\/png"}],"author":"Fondazione Francesco Fabbri","twitter_card":"summary_large_image","twitter_misc":{"Scritto da":"Fondazione Francesco Fabbri","Tempo di lettura stimato":"2 minuti"},"schema":{"@context":"https:\/\/schema.org","@graph":[{"@type":"WebPage","@id":"https:\/\/www.fondazionefrancescofabbri.it\/it\/2020\/02\/04\/fondazione-fabbri-partnership-lago-film-fest\/","url":"https:\/\/www.fondazionefrancescofabbri.it\/it\/2020\/02\/04\/fondazione-fabbri-partnership-lago-film-fest\/","name":"Newsletter 12 del 05.09.19 - Fondazione Francesco Fabbri","isPartOf":{"@id":"https:\/\/www.fondazionefrancescofabbri.it\/en\/#website"},"datePublished":"2020-02-04T09:08:27+00:00","dateModified":"2020-02-04T09:08:27+00:00","author":{"@id":"https:\/\/www.fondazionefrancescofabbri.it\/en\/#\/schema\/person\/674c3629d79d89f3c0974d34d33e6200"},"breadcrumb":{"@id":"https:\/\/www.fondazionefrancescofabbri.it\/it\/2020\/02\/04\/fondazione-fabbri-partnership-lago-film-fest\/#breadcrumb"},"inLanguage":"it-IT","potentialAction":[{"@type":"ReadAction","target":["https:\/\/www.fondazionefrancescofabbri.it\/it\/2020\/02\/04\/fondazione-fabbri-partnership-lago-film-fest\/"]}]},{"@type":"BreadcrumbList","@id":"https:\/\/www.fondazionefrancescofabbri.it\/it\/2020\/02\/04\/fondazione-fabbri-partnership-lago-film-fest\/#breadcrumb","itemListElement":[{"@type":"ListItem","position":1,"name":"Home","item":"https:\/\/www.fondazionefrancescofabbri.it\/it\/"},{"@type":"ListItem","position":2,"name":"Newsletter 12 del 05.09.19"}]},{"@type":"WebSite","@id":"https:\/\/www.fondazionefrancescofabbri.it\/en\/#website","url":"https:\/\/www.fondazionefrancescofabbri.it\/en\/","name":"Fondazione Francesco Fabbri","description":"Just another WordPress site","potentialAction":[{"@type":"SearchAction","target":{"@type":"EntryPoint","urlTemplate":"https:\/\/www.fondazionefrancescofabbri.it\/en\/?s={search_term_string}"},"query-input":"required name=search_term_string"}],"inLanguage":"it-IT"},{"@type":"Person","@id":"https:\/\/www.fondazionefrancescofabbri.it\/en\/#\/schema\/person\/674c3629d79d89f3c0974d34d33e6200","name":"Fondazione Francesco Fabbri","image":{"@type":"ImageObject","inLanguage":"it-IT","@id":"https:\/\/www.fondazionefrancescofabbri.it\/en\/#\/schema\/person\/image\/","url":"https:\/\/secure.gravatar.com\/avatar\/ec2c804d96abd506edd38ca09d6a13e6?s=96&d=mm&r=g","contentUrl":"https:\/\/secure.gravatar.com\/avatar\/ec2c804d96abd506edd38ca09d6a13e6?s=96&d=mm&r=g","caption":"Fondazione Francesco Fabbri"},"url":"https:\/\/www.fondazionefrancescofabbri.it\/it\/author\/fondazione-francesco-fabbri\/"}]}},"_links":{"self":[{"href":"https:\/\/www.fondazionefrancescofabbri.it\/it\/wp-json\/wp\/v2\/posts\/2512"}],"collection":[{"href":"https:\/\/www.fondazionefrancescofabbri.it\/it\/wp-json\/wp\/v2\/posts"}],"about":[{"href":"https:\/\/www.fondazionefrancescofabbri.it\/it\/wp-json\/wp\/v2\/types\/post"}],"author":[{"embeddable":true,"href":"https:\/\/www.fondazionefrancescofabbri.it\/it\/wp-json\/wp\/v2\/users\/8"}],"replies":[{"embeddable":true,"href":"https:\/\/www.fondazionefrancescofabbri.it\/it\/wp-json\/wp\/v2\/comments?post=2512"}],"version-history":[{"count":1,"href":"https:\/\/www.fondazionefrancescofabbri.it\/it\/wp-json\/wp\/v2\/posts\/2512\/revisions"}],"predecessor-version":[{"id":2513,"href":"https:\/\/www.fondazionefrancescofabbri.it\/it\/wp-json\/wp\/v2\/posts\/2512\/revisions\/2513"}],"wp:featuredmedia":[{"embeddable":true,"href":"https:\/\/www.fondazionefrancescofabbri.it\/it\/wp-json\/wp\/v2\/media\/2384"}],"wp:attachment":[{"href":"https:\/\/www.fondazionefrancescofabbri.it\/it\/wp-json\/wp\/v2\/media?parent=2512"}],"wp:term":[{"taxonomy":"category","embeddable":true,"href":"https:\/\/www.fondazionefrancescofabbri.it\/it\/wp-json\/wp\/v2\/categories?post=2512"},{"taxonomy":"post_tag","embeddable":true,"href":"https:\/\/www.fondazionefrancescofabbri.it\/it\/wp-json\/wp\/v2\/tags?post=2512"}],"curies":[{"name":"wp","href":"https:\/\/api.w.org\/{rel}","templated":true}]}}