{"id":2555,"date":"2020-03-25T13:31:13","date_gmt":"2020-03-25T13:31:13","guid":{"rendered":"https:\/\/www.fondazionefrancescofabbri.it\/?p=2555"},"modified":"2020-03-25T13:31:13","modified_gmt":"2020-03-25T13:31:13","slug":"comunicato-stampa-del-24-03-20","status":"publish","type":"post","link":"https:\/\/www.fondazionefrancescofabbri.it\/it\/2020\/03\/25\/comunicato-stampa-del-24-03-20\/","title":{"rendered":"Comunicato stampa del 25.03.20"},"content":{"rendered":"<section class=\"wpb-content-wrapper\"><p>[vc_row][vc_column][vc_column_text]<\/p>\n<p><strong>Fondazione Fabbri a fianco del Comune di Pieve di Soligo per la candidatura a Capitale italiana della cultura 2021<\/strong><\/p>\n<p>La candidatura di Pieve di Soligo a Capitale italiana della cultura 2021, che ha coinvolto tutto il territorio dell\u2019IPA Terre Alte della Marca Trevigiana, ha visto immediatamente il convinto e concreto supporto della Fondazione Fabbri, perch\u00e9 \u00e8 convinzione della Fondazione che la cultura oggi sia il vero asse strategico sul quale promuovere azioni di sviluppo economico e sociale a livello territoriale. A tal proposito l\u2019iter di elaborazione e redazione del dossier di candidatura, presentato in questi giorni al Ministero e condiviso con numerosi soggetti e partner del territorio, ha visto il ruolo attivo della Fondazione quale coordinatore della redazione del dossier, sostenendo e aiutando il Comune di Pieve di Soligo dal punto di vista non solo tecnico, ma anche programmatico ed economico.<\/p>\n<p>Il percorso di redazione del dossier \u00e8 stata l\u2019occasione per riprendere le intuizioni politiche di Francesco Fabbri sul ruolo della comunit\u00e0 nello sviluppo e nella costruzione di innovazione per i nostri territori, integrandole, armonizzandole e rendendole attuali nell\u2019epoca e nel particolare momento storico che stiamo vivendo. La cultura \u00e8 uno straordinario veicolo di innovazione, condivisione e partecipazione ed \u00e8 su questa convinzione che nel corso di questi anni la Fondazione ha sempre promosso le proprie attivit\u00e0. Ma la cultura oggi rappresenta anche un asse fondamentale sul quale costruire gli orizzonti di sviluppo di lungo periodo per il nostro territorio. In questo senso, Federico Della Puppa e Roberto Masiero, componenti del comitato curatoriale della Fondazione e responsabili per la parte tecnica e strategica nella realizzazione del dossier, affermano che \u201c<em>il dossier non vuole essere un semplice programma di attivit\u00e0 culturali, pensate per l\u2019occasione, bens\u00ec uno strumento concreto di programmazione e condivisione di vere e proprie linee guida di un piano territoriale strategico. La cultura \u00e8 sostegno reciproco, \u00e8 concertazione di intenti e di buone pratiche ed \u00e8 necessario creare un sistema di reti che aiuti lo sviluppo dell\u2019intero territorio<\/em>\u201d.<\/p>\n<p>L\u2019emergenza sanitaria che stiamo vivendo in questi giorni non \u00e8 estranea a questo pensiero di innovazione, in quanto \u00e8 proprio attraverso una riflessione culturale profonda che possiamo affrontare i cambiamenti che inevitabilmente si rifletteranno sulle nostre vite, dal welfare al lavoro, dall\u2019utilizzo delle nuove tecnologie al ritorno all\u2019uso sociale dei luoghi, dagli spazi pubblici a quelli destinati alle attivit\u00e0 culturali. In questa logica la Fondazione Fabbri proseguir\u00e0 la sua missione di supporto al territorio per rispondere a questi cambiamenti ed \u00e8 convinzione della Fondazione che il dossier presentato pu\u00f2 essere un primo e valido aiuto per uscire, nel prossimo futuro, dalla crisi che stiamo vivendo, che come tutte le crisi propone anche opportunit\u00e0 che vanno colte. Ripensarci come territorio culturale \u00e8 una di queste.<\/p>\n<p>[\/vc_column_text][\/vc_column][\/vc_row]<\/p>\n<\/section>","protected":false},"excerpt":{"rendered":"<p>Fondazione Fabbri a fianco del Comune di Pieve di Soligo per la candidatura a Capitale della Cultura 2021<\/p>\n","protected":false},"author":8,"featured_media":2557,"comment_status":"open","ping_status":"open","sticky":false,"template":"","format":"standard","meta":[],"categories":[23,22],"tags":[],"acf":[],"yoast_head":"<!-- This site is optimized with the Yoast SEO plugin v20.8 - https:\/\/yoast.com\/wordpress\/plugins\/seo\/ -->\n<title>Comunicato stampa del 25.03.20 - Fondazione Francesco Fabbri<\/title>\n<meta name=\"robots\" content=\"index, follow, max-snippet:-1, max-image-preview:large, max-video-preview:-1\" \/>\n<link rel=\"canonical\" href=\"https:\/\/www.fondazionefrancescofabbri.it\/it\/2020\/03\/25\/comunicato-stampa-del-24-03-20\/\" \/>\n<meta property=\"og:locale\" content=\"it_IT\" \/>\n<meta property=\"og:type\" content=\"article\" \/>\n<meta property=\"og:title\" content=\"Comunicato stampa del 25.03.20 - Fondazione Francesco Fabbri\" \/>\n<meta property=\"og:description\" content=\"Fondazione Fabbri a fianco del Comune di Pieve di Soligo per la candidatura a Capitale della Cultura 2021\" \/>\n<meta property=\"og:url\" content=\"https:\/\/www.fondazionefrancescofabbri.it\/it\/2020\/03\/25\/comunicato-stampa-del-24-03-20\/\" \/>\n<meta property=\"og:site_name\" content=\"Fondazione Francesco Fabbri\" \/>\n<meta property=\"article:published_time\" content=\"2020-03-25T13:31:13+00:00\" \/>\n<meta property=\"og:image\" content=\"https:\/\/www.fondazionefrancescofabbri.it\/wp-content\/uploads\/2020\/03\/DSC3985-copia-1024x683.jpg\" \/>\n\t<meta property=\"og:image:width\" content=\"1024\" \/>\n\t<meta property=\"og:image:height\" content=\"683\" \/>\n\t<meta property=\"og:image:type\" content=\"image\/jpeg\" \/>\n<meta name=\"author\" content=\"Fondazione Francesco Fabbri\" \/>\n<meta name=\"twitter:card\" content=\"summary_large_image\" \/>\n<meta name=\"twitter:label1\" content=\"Scritto da\" \/>\n\t<meta name=\"twitter:data1\" content=\"Fondazione Francesco Fabbri\" \/>\n\t<meta name=\"twitter:label2\" content=\"Tempo di lettura stimato\" \/>\n\t<meta name=\"twitter:data2\" content=\"2 minuti\" \/>\n<script type=\"application\/ld+json\" class=\"yoast-schema-graph\">{\"@context\":\"https:\/\/schema.org\",\"@graph\":[{\"@type\":\"WebPage\",\"@id\":\"https:\/\/www.fondazionefrancescofabbri.it\/it\/2020\/03\/25\/comunicato-stampa-del-24-03-20\/\",\"url\":\"https:\/\/www.fondazionefrancescofabbri.it\/it\/2020\/03\/25\/comunicato-stampa-del-24-03-20\/\",\"name\":\"Comunicato stampa del 25.03.20 - Fondazione Francesco Fabbri\",\"isPartOf\":{\"@id\":\"https:\/\/www.fondazionefrancescofabbri.it\/en\/#website\"},\"datePublished\":\"2020-03-25T13:31:13+00:00\",\"dateModified\":\"2020-03-25T13:31:13+00:00\",\"author\":{\"@id\":\"https:\/\/www.fondazionefrancescofabbri.it\/en\/#\/schema\/person\/674c3629d79d89f3c0974d34d33e6200\"},\"breadcrumb\":{\"@id\":\"https:\/\/www.fondazionefrancescofabbri.it\/it\/2020\/03\/25\/comunicato-stampa-del-24-03-20\/#breadcrumb\"},\"inLanguage\":\"it-IT\",\"potentialAction\":[{\"@type\":\"ReadAction\",\"target\":[\"https:\/\/www.fondazionefrancescofabbri.it\/it\/2020\/03\/25\/comunicato-stampa-del-24-03-20\/\"]}]},{\"@type\":\"BreadcrumbList\",\"@id\":\"https:\/\/www.fondazionefrancescofabbri.it\/it\/2020\/03\/25\/comunicato-stampa-del-24-03-20\/#breadcrumb\",\"itemListElement\":[{\"@type\":\"ListItem\",\"position\":1,\"name\":\"Home\",\"item\":\"https:\/\/www.fondazionefrancescofabbri.it\/it\/\"},{\"@type\":\"ListItem\",\"position\":2,\"name\":\"Comunicato stampa del 25.03.20\"}]},{\"@type\":\"WebSite\",\"@id\":\"https:\/\/www.fondazionefrancescofabbri.it\/en\/#website\",\"url\":\"https:\/\/www.fondazionefrancescofabbri.it\/en\/\",\"name\":\"Fondazione Francesco Fabbri\",\"description\":\"Just another WordPress site\",\"potentialAction\":[{\"@type\":\"SearchAction\",\"target\":{\"@type\":\"EntryPoint\",\"urlTemplate\":\"https:\/\/www.fondazionefrancescofabbri.it\/en\/?s={search_term_string}\"},\"query-input\":\"required name=search_term_string\"}],\"inLanguage\":\"it-IT\"},{\"@type\":\"Person\",\"@id\":\"https:\/\/www.fondazionefrancescofabbri.it\/en\/#\/schema\/person\/674c3629d79d89f3c0974d34d33e6200\",\"name\":\"Fondazione Francesco Fabbri\",\"image\":{\"@type\":\"ImageObject\",\"inLanguage\":\"it-IT\",\"@id\":\"https:\/\/www.fondazionefrancescofabbri.it\/en\/#\/schema\/person\/image\/\",\"url\":\"https:\/\/secure.gravatar.com\/avatar\/ec2c804d96abd506edd38ca09d6a13e6?s=96&d=mm&r=g\",\"contentUrl\":\"https:\/\/secure.gravatar.com\/avatar\/ec2c804d96abd506edd38ca09d6a13e6?s=96&d=mm&r=g\",\"caption\":\"Fondazione Francesco Fabbri\"},\"url\":\"https:\/\/www.fondazionefrancescofabbri.it\/it\/author\/fondazione-francesco-fabbri\/\"}]}<\/script>\n<!-- \/ Yoast SEO plugin. -->","yoast_head_json":{"title":"Comunicato stampa del 25.03.20 - Fondazione Francesco Fabbri","robots":{"index":"index","follow":"follow","max-snippet":"max-snippet:-1","max-image-preview":"max-image-preview:large","max-video-preview":"max-video-preview:-1"},"canonical":"https:\/\/www.fondazionefrancescofabbri.it\/it\/2020\/03\/25\/comunicato-stampa-del-24-03-20\/","og_locale":"it_IT","og_type":"article","og_title":"Comunicato stampa del 25.03.20 - Fondazione Francesco Fabbri","og_description":"Fondazione Fabbri a fianco del Comune di Pieve di Soligo per la candidatura a Capitale della Cultura 2021","og_url":"https:\/\/www.fondazionefrancescofabbri.it\/it\/2020\/03\/25\/comunicato-stampa-del-24-03-20\/","og_site_name":"Fondazione Francesco Fabbri","article_published_time":"2020-03-25T13:31:13+00:00","og_image":[{"width":1024,"height":683,"url":"https:\/\/www.fondazionefrancescofabbri.it\/wp-content\/uploads\/2020\/03\/DSC3985-copia-1024x683.jpg","type":"image\/jpeg"}],"author":"Fondazione Francesco Fabbri","twitter_card":"summary_large_image","twitter_misc":{"Scritto da":"Fondazione Francesco Fabbri","Tempo di lettura stimato":"2 minuti"},"schema":{"@context":"https:\/\/schema.org","@graph":[{"@type":"WebPage","@id":"https:\/\/www.fondazionefrancescofabbri.it\/it\/2020\/03\/25\/comunicato-stampa-del-24-03-20\/","url":"https:\/\/www.fondazionefrancescofabbri.it\/it\/2020\/03\/25\/comunicato-stampa-del-24-03-20\/","name":"Comunicato stampa del 25.03.20 - Fondazione Francesco Fabbri","isPartOf":{"@id":"https:\/\/www.fondazionefrancescofabbri.it\/en\/#website"},"datePublished":"2020-03-25T13:31:13+00:00","dateModified":"2020-03-25T13:31:13+00:00","author":{"@id":"https:\/\/www.fondazionefrancescofabbri.it\/en\/#\/schema\/person\/674c3629d79d89f3c0974d34d33e6200"},"breadcrumb":{"@id":"https:\/\/www.fondazionefrancescofabbri.it\/it\/2020\/03\/25\/comunicato-stampa-del-24-03-20\/#breadcrumb"},"inLanguage":"it-IT","potentialAction":[{"@type":"ReadAction","target":["https:\/\/www.fondazionefrancescofabbri.it\/it\/2020\/03\/25\/comunicato-stampa-del-24-03-20\/"]}]},{"@type":"BreadcrumbList","@id":"https:\/\/www.fondazionefrancescofabbri.it\/it\/2020\/03\/25\/comunicato-stampa-del-24-03-20\/#breadcrumb","itemListElement":[{"@type":"ListItem","position":1,"name":"Home","item":"https:\/\/www.fondazionefrancescofabbri.it\/it\/"},{"@type":"ListItem","position":2,"name":"Comunicato stampa del 25.03.20"}]},{"@type":"WebSite","@id":"https:\/\/www.fondazionefrancescofabbri.it\/en\/#website","url":"https:\/\/www.fondazionefrancescofabbri.it\/en\/","name":"Fondazione Francesco Fabbri","description":"Just another WordPress site","potentialAction":[{"@type":"SearchAction","target":{"@type":"EntryPoint","urlTemplate":"https:\/\/www.fondazionefrancescofabbri.it\/en\/?s={search_term_string}"},"query-input":"required name=search_term_string"}],"inLanguage":"it-IT"},{"@type":"Person","@id":"https:\/\/www.fondazionefrancescofabbri.it\/en\/#\/schema\/person\/674c3629d79d89f3c0974d34d33e6200","name":"Fondazione Francesco Fabbri","image":{"@type":"ImageObject","inLanguage":"it-IT","@id":"https:\/\/www.fondazionefrancescofabbri.it\/en\/#\/schema\/person\/image\/","url":"https:\/\/secure.gravatar.com\/avatar\/ec2c804d96abd506edd38ca09d6a13e6?s=96&d=mm&r=g","contentUrl":"https:\/\/secure.gravatar.com\/avatar\/ec2c804d96abd506edd38ca09d6a13e6?s=96&d=mm&r=g","caption":"Fondazione Francesco Fabbri"},"url":"https:\/\/www.fondazionefrancescofabbri.it\/it\/author\/fondazione-francesco-fabbri\/"}]}},"_links":{"self":[{"href":"https:\/\/www.fondazionefrancescofabbri.it\/it\/wp-json\/wp\/v2\/posts\/2555"}],"collection":[{"href":"https:\/\/www.fondazionefrancescofabbri.it\/it\/wp-json\/wp\/v2\/posts"}],"about":[{"href":"https:\/\/www.fondazionefrancescofabbri.it\/it\/wp-json\/wp\/v2\/types\/post"}],"author":[{"embeddable":true,"href":"https:\/\/www.fondazionefrancescofabbri.it\/it\/wp-json\/wp\/v2\/users\/8"}],"replies":[{"embeddable":true,"href":"https:\/\/www.fondazionefrancescofabbri.it\/it\/wp-json\/wp\/v2\/comments?post=2555"}],"version-history":[{"count":1,"href":"https:\/\/www.fondazionefrancescofabbri.it\/it\/wp-json\/wp\/v2\/posts\/2555\/revisions"}],"predecessor-version":[{"id":2558,"href":"https:\/\/www.fondazionefrancescofabbri.it\/it\/wp-json\/wp\/v2\/posts\/2555\/revisions\/2558"}],"wp:featuredmedia":[{"embeddable":true,"href":"https:\/\/www.fondazionefrancescofabbri.it\/it\/wp-json\/wp\/v2\/media\/2557"}],"wp:attachment":[{"href":"https:\/\/www.fondazionefrancescofabbri.it\/it\/wp-json\/wp\/v2\/media?parent=2555"}],"wp:term":[{"taxonomy":"category","embeddable":true,"href":"https:\/\/www.fondazionefrancescofabbri.it\/it\/wp-json\/wp\/v2\/categories?post=2555"},{"taxonomy":"post_tag","embeddable":true,"href":"https:\/\/www.fondazionefrancescofabbri.it\/it\/wp-json\/wp\/v2\/tags?post=2555"}],"curies":[{"name":"wp","href":"https:\/\/api.w.org\/{rel}","templated":true}]}}