{"id":2864,"date":"2020-09-05T00:00:57","date_gmt":"2020-09-04T22:00:57","guid":{"rendered":"https:\/\/www.fondazionefrancescofabbri.it\/?p=2864"},"modified":"2020-09-05T01:06:07","modified_gmt":"2020-09-04T23:06:07","slug":"comunicato-stampa-05-09-20","status":"publish","type":"post","link":"https:\/\/www.fondazionefrancescofabbri.it\/it\/2020\/09\/05\/comunicato-stampa-05-09-20\/","title":{"rendered":"Comunicato stampa del 05.09.20"},"content":{"rendered":"<section class=\"wpb-content-wrapper\"><p>[vc_row][vc_column][vc_column_text]<strong>PREMIO FRANCESCO FABBRI<br \/>\nProrogate al 17 settembre le iscrizioni del Premio Francesco Fabbri per le Arti Contemporanee<br \/>\n<\/strong><\/p>\n<p>&nbsp;<\/p>\n<p>Dato il grande successo di adesioni sono <strong>prorogate al 17 settembre 2020<\/strong> le iscrizioni della nona edizione del Premio Francesco Fabbri per le Arti Contemporanee. La manifestazione \u00e8 oramai un punto di riferimento per quegli operatori e pubblico che rivolgono la loro attenzione alle istanze di ricerca nell&#8217;arte contemporanea. E\u2019 proprio riflettendo circa l\u2019attuale condizione in cui versa il sistema culturale e nello specifico il settore dell\u2019arte a causa della pandemia di COVID &#8211; 19, che Fondazione Fabbri ha deciso di rendere <strong>totalmente gratuita l&#8217;iscrizione<\/strong> all&#8217;edizione 2020.<\/p>\n<p>&nbsp;<\/p>\n<p>Il Premio Fabbri si articola come di consueto in due sezioni: <strong>Arte emergente<\/strong> e <strong>Fotografia contemporanea<\/strong>. La prima \u00e8 dedicata agli autori under 35 che, secondo una logica intermediale, potranno partecipare con ogni forma creativa visiva: dalla pittura all\u2019installazione, dalla fotografia alla video-arte, dalla performance e sound-art fino al disegno e alla grafica.<br \/>\nLa seconda sezione invece, priva di limiti anagrafici, \u00e8 dedicata alla Fotografia contemporanea e alle diverse declinazioni dello specifico medium, in continuit\u00e0 con l&#8217;attivit\u00e0 di Fondazione Francesco Fabbri che promuove il Festival <em>F4 \/ un&#8217;idea di Fotografia<\/em> e il Master in Photography dell&#8217;Universit\u00e0 IUAV.<br \/>\nA entrambe le sezioni potranno partecipare autori da ogni paese del mondo.<\/p>\n<p>&nbsp;<\/p>\n<p>Una manifestazione come il Premio Francesco Fabbri ambisce a creare &#8211; anche in un momento storico tanto complesso &#8211; un punto di vista privilegiato sulle ricerche sintomatiche del presente: giunto alla nona edizione vuole essere un radar capace di segnalare i processi in atto compiendo opera di scouting, nella consapevolezza di muoversi in un terreno ibrido e ricco di interconnessioni tra linguaggi e saperi.<\/p>\n<p>&nbsp;<\/p>\n<p>Il bando \u00e8 prorogato al <strong>17 settembre 2020<\/strong> e gli artisti potranno iscriversi via web attraverso la compilazione di un modulo online.<br \/>\nI due <strong>vincitori<\/strong> riceveranno un premio acquisto di <strong>5.000 euro<\/strong> ciascuno, le opere entreranno nella collezione permanente di Fondazione Francesco Fabbri e saranno custodite nella residenza di Casa Fabbri.<\/p>\n<p>&nbsp;<\/p>\n<p>Il premio, curato da <strong>Carlo Sala<\/strong>, gode di una prestigiosa giuria composta da critici e curatori, quali <strong>Daniele De Luigi, Lorenzo Balbi, Lucrezia Calabr\u00f2 Visconti, Angel Moya Garcia, Francesca Lazzarini, Stefano Raimondi, Giangavino Pazzola e Mauro Zanchi<\/strong>.<\/p>\n<p>&nbsp;<\/p>\n<p>Le opere finaliste saranno esposte nelle suggestive stanze di Villa Brandolini a Pieve di Soligo (Tv) dal 21 novembre al 20 dicembre 2020, durante il vernissage saranno proclamati i vincitori alla presenza degli operatori, della stampa e del pubblico.<\/p>\n<p>&nbsp;<\/p>\n<p>Il Premio \u00e8 promosso da Fondazione Francesco Fabbri e reso possibile grazie al supporto della famiglia Fabbri e alla collaborazione del Comune di Pieve di Soligo. La rassegna gode del patrocinio della Provincia di Treviso, Landscapes Stories, Lago Film Fest e TRA (Treviso Ricerca Arte).<\/p>\n<p>&nbsp;<\/p>\n<p>Info e bando:<br \/>\n<a href=\"mailto:premio@fondazionefrancescofabbri.it\">premio@fondazionefrancescofabbri.it<\/a><\/p>\n<p>&nbsp;<\/p>\n<p>Fondazione Francesco Fabbri Onlus<br \/>\nVia Fabbri n\u00b0 16 &#8211; Solighetto<br \/>\n31053 Pieve di Soligo (TV)[\/vc_column_text][vc_empty_space height=&#8221;60px&#8221;][vc_column_text]<strong>FRANCESCO FABBRI PRIZE<br \/>\nThe submission deadline for Francesco Fabbri Prize for the Contemporary Arts has been extended to 17th September<br \/>\n<\/strong><\/p>\n<p>&nbsp;<\/p>\n<p>Due to the great amount of entries, the submission deadline for Francesco Fabbri Prize for the Contemporary Arts has been extended to <strong>17th September 2020<\/strong>. The competition intends to become a benchmark for artists, professionals and the general public in the field of research in contemporary arts.<br \/>\nThe Francesco Fabbri Foundation is aware of\u00a0<strong>the crisis<\/strong>\u00a0due to the COVID-19 pandemic is also affecting the world of culture and the arts and the condition of art workers in particular, and has hence decided to make the registration for the 2020 edition of the Francesco Fabbri Prize\u00a0<strong>totally free<\/strong>.<\/p>\n<p>&nbsp;<\/p>\n<p>Also this year, the Prize will be divided into the two sections of\u00a0<strong>Emerging Arts<\/strong>\u00a0and\u00a0<strong>Contemporary Photography<\/strong>. The first section will host artworks by artists under the age of 35, by any visual creative medium: from painting to art installation, from photography to video art, from performance and sound art to drawing and graphic art.<br \/>\nThe second section, on the other hand, does not impose any limits in terms of demographics, and seeks to explore contemporary photography through a variety of conceptions of the medium, consistently with the Foundation\u2019s activities and method, which also promotes the\u00a0<em>F4 \/ An idea of Photography<\/em>\u00a0festival and the Master Course in Photography at IUAV University, Venice.<br \/>\nArtists from all over the world are invited to participate in both sections.<\/p>\n<p>&nbsp;<\/p>\n<p>An event such as the Francesco Fabbri Award aims to create &#8211; even in such a complex historical moment &#8211; a privileged point of view on the symptomatic research of the present: in its ninth edition, it aims, through scouting, to be a radar capable of putting a spotlight over ongoing processes, by walking on a hybrid soil, rich with interconnections between languages \u200b\u200band knowledge.<\/p>\n<p>&nbsp;<\/p>\n<p>The Call has been extended <strong>17h September 2020<\/strong>. Artists will be able to submit their work via the Foundation\u2019s website, through an online form.\u00a0<strong>The two winners<\/strong>\u00a0will receive a cash prize of\u00a0<strong>\u20ac5,000<\/strong> each. The artworks will be included in the permanent collection of the Francesco Fabbri Foundation and housed at the Foundation\u2019s headquarters of Casa Fabbri.<\/p>\n<p>&nbsp;<\/p>\n<p>The Prize is curated by\u00a0<strong>Carlo Sala<\/strong>\u00a0with a prestigious jury panel featuring critics and curators such as\u00a0<strong>Lorenzo Balbi, Lucrezia Calabr\u00f2 Visconti, Daniele De Luigi, Angel Moya Garcia, Francesca Lazzarini, Giangavino Pazzola, Stefano Raimondi and Mauro Zanchi<\/strong>.<\/p>\n<p>&nbsp;<\/p>\n<p>The shortlisted artworks will be exhibited at Villa Brandolini of Pieve di Soligo, Treviso, from 21st November until 20th December 2020. The two winners will be announced during the opening event in the presence of experts, the press and the general public.<\/p>\n<p>&nbsp;<\/p>\n<p>The Prize is promoted by the Francesco Fabbri Foundation with the private support of the Fabbri family, in collaboration with the Council of Pieve di Soligo, and the patronage of the Province of Treviso, Landscapes Stories, Lago Film Fest and TRA (Treviso Ricerca Arte).<\/p>\n<p>&nbsp;<\/p>\n<p>Info and official Call:<br \/>\n<a href=\"mailto:premio@fondazionefrancescofabbri.it\">premio@fondazionefrancescofabbri.it<\/a><\/p>\n<p>&nbsp;<\/p>\n<p>Fondazione Francesco Fabbri Onlus<br \/>\nVia Fabbri n\u00b0 16 &#8211; Solighetto<br \/>\n31053 Pieve di Soligo (TV)[\/vc_column_text][\/vc_column][\/vc_row]<\/p>\n<\/section>","protected":false},"excerpt":{"rendered":"<p>Dato il grande successo di adesioni sono prorogate al 17 settembre 2020 le iscrizioni<\/p>\n","protected":false},"author":3,"featured_media":2619,"comment_status":"open","ping_status":"open","sticky":false,"template":"","format":"standard","meta":[],"categories":[43,3,23,6,22],"tags":[],"acf":[],"yoast_head":"<!-- This site is optimized with the Yoast SEO plugin v20.8 - https:\/\/yoast.com\/wordpress\/plugins\/seo\/ -->\n<title>Comunicato stampa del 05.09.20 - Fondazione Francesco Fabbri<\/title>\n<meta name=\"robots\" content=\"index, follow, max-snippet:-1, max-image-preview:large, max-video-preview:-1\" \/>\n<link rel=\"canonical\" href=\"https:\/\/www.fondazionefrancescofabbri.it\/it\/2020\/09\/05\/comunicato-stampa-05-09-20\/\" \/>\n<meta property=\"og:locale\" content=\"it_IT\" \/>\n<meta property=\"og:type\" content=\"article\" \/>\n<meta property=\"og:title\" content=\"Comunicato stampa del 05.09.20 - Fondazione Francesco Fabbri\" \/>\n<meta property=\"og:description\" content=\"Dato il grande successo di adesioni sono prorogate al 17 settembre 2020 le iscrizioni\" \/>\n<meta property=\"og:url\" content=\"https:\/\/www.fondazionefrancescofabbri.it\/it\/2020\/09\/05\/comunicato-stampa-05-09-20\/\" \/>\n<meta property=\"og:site_name\" content=\"Fondazione Francesco Fabbri\" \/>\n<meta property=\"article:published_time\" content=\"2020-09-04T22:00:57+00:00\" \/>\n<meta property=\"article:modified_time\" content=\"2020-09-04T23:06:07+00:00\" \/>\n<meta property=\"og:image\" content=\"https:\/\/www.fondazionefrancescofabbri.it\/wp-content\/uploads\/2020\/05\/premio-francesco-fabbri-2020.jpg\" \/>\n\t<meta property=\"og:image:width\" content=\"1100\" \/>\n\t<meta property=\"og:image:height\" content=\"700\" \/>\n\t<meta property=\"og:image:type\" content=\"image\/jpeg\" \/>\n<meta name=\"author\" content=\"Fondazione Francesco Fabbri\" \/>\n<meta name=\"twitter:card\" content=\"summary_large_image\" \/>\n<meta name=\"twitter:label1\" content=\"Scritto da\" \/>\n\t<meta name=\"twitter:data1\" content=\"Fondazione Francesco Fabbri\" \/>\n\t<meta name=\"twitter:label2\" content=\"Tempo di lettura stimato\" \/>\n\t<meta name=\"twitter:data2\" content=\"5 minuti\" \/>\n<script type=\"application\/ld+json\" class=\"yoast-schema-graph\">{\"@context\":\"https:\/\/schema.org\",\"@graph\":[{\"@type\":\"WebPage\",\"@id\":\"https:\/\/www.fondazionefrancescofabbri.it\/it\/2020\/09\/05\/comunicato-stampa-05-09-20\/\",\"url\":\"https:\/\/www.fondazionefrancescofabbri.it\/it\/2020\/09\/05\/comunicato-stampa-05-09-20\/\",\"name\":\"Comunicato stampa del 05.09.20 - Fondazione Francesco Fabbri\",\"isPartOf\":{\"@id\":\"https:\/\/www.fondazionefrancescofabbri.it\/en\/#website\"},\"datePublished\":\"2020-09-04T22:00:57+00:00\",\"dateModified\":\"2020-09-04T23:06:07+00:00\",\"author\":{\"@id\":\"https:\/\/www.fondazionefrancescofabbri.it\/en\/#\/schema\/person\/a1b33015996af6456a702df97fc81a94\"},\"breadcrumb\":{\"@id\":\"https:\/\/www.fondazionefrancescofabbri.it\/it\/2020\/09\/05\/comunicato-stampa-05-09-20\/#breadcrumb\"},\"inLanguage\":\"it-IT\",\"potentialAction\":[{\"@type\":\"ReadAction\",\"target\":[\"https:\/\/www.fondazionefrancescofabbri.it\/it\/2020\/09\/05\/comunicato-stampa-05-09-20\/\"]}]},{\"@type\":\"BreadcrumbList\",\"@id\":\"https:\/\/www.fondazionefrancescofabbri.it\/it\/2020\/09\/05\/comunicato-stampa-05-09-20\/#breadcrumb\",\"itemListElement\":[{\"@type\":\"ListItem\",\"position\":1,\"name\":\"Home\",\"item\":\"https:\/\/www.fondazionefrancescofabbri.it\/it\/\"},{\"@type\":\"ListItem\",\"position\":2,\"name\":\"Comunicato stampa del 05.09.20\"}]},{\"@type\":\"WebSite\",\"@id\":\"https:\/\/www.fondazionefrancescofabbri.it\/en\/#website\",\"url\":\"https:\/\/www.fondazionefrancescofabbri.it\/en\/\",\"name\":\"Fondazione Francesco Fabbri\",\"description\":\"Just another WordPress site\",\"potentialAction\":[{\"@type\":\"SearchAction\",\"target\":{\"@type\":\"EntryPoint\",\"urlTemplate\":\"https:\/\/www.fondazionefrancescofabbri.it\/en\/?s={search_term_string}\"},\"query-input\":\"required name=search_term_string\"}],\"inLanguage\":\"it-IT\"},{\"@type\":\"Person\",\"@id\":\"https:\/\/www.fondazionefrancescofabbri.it\/en\/#\/schema\/person\/a1b33015996af6456a702df97fc81a94\",\"name\":\"Fondazione Francesco Fabbri\",\"image\":{\"@type\":\"ImageObject\",\"inLanguage\":\"it-IT\",\"@id\":\"https:\/\/www.fondazionefrancescofabbri.it\/en\/#\/schema\/person\/image\/\",\"url\":\"https:\/\/secure.gravatar.com\/avatar\/8bf33eb017a5776110766f830b2b2044?s=96&d=mm&r=g\",\"contentUrl\":\"https:\/\/secure.gravatar.com\/avatar\/8bf33eb017a5776110766f830b2b2044?s=96&d=mm&r=g\",\"caption\":\"Fondazione Francesco Fabbri\"},\"url\":\"https:\/\/www.fondazionefrancescofabbri.it\/it\/author\/agata\/\"}]}<\/script>\n<!-- \/ Yoast SEO plugin. -->","yoast_head_json":{"title":"Comunicato stampa del 05.09.20 - Fondazione Francesco Fabbri","robots":{"index":"index","follow":"follow","max-snippet":"max-snippet:-1","max-image-preview":"max-image-preview:large","max-video-preview":"max-video-preview:-1"},"canonical":"https:\/\/www.fondazionefrancescofabbri.it\/it\/2020\/09\/05\/comunicato-stampa-05-09-20\/","og_locale":"it_IT","og_type":"article","og_title":"Comunicato stampa del 05.09.20 - Fondazione Francesco Fabbri","og_description":"Dato il grande successo di adesioni sono prorogate al 17 settembre 2020 le iscrizioni","og_url":"https:\/\/www.fondazionefrancescofabbri.it\/it\/2020\/09\/05\/comunicato-stampa-05-09-20\/","og_site_name":"Fondazione Francesco Fabbri","article_published_time":"2020-09-04T22:00:57+00:00","article_modified_time":"2020-09-04T23:06:07+00:00","og_image":[{"width":1100,"height":700,"url":"https:\/\/www.fondazionefrancescofabbri.it\/wp-content\/uploads\/2020\/05\/premio-francesco-fabbri-2020.jpg","type":"image\/jpeg"}],"author":"Fondazione Francesco Fabbri","twitter_card":"summary_large_image","twitter_misc":{"Scritto da":"Fondazione Francesco Fabbri","Tempo di lettura stimato":"5 minuti"},"schema":{"@context":"https:\/\/schema.org","@graph":[{"@type":"WebPage","@id":"https:\/\/www.fondazionefrancescofabbri.it\/it\/2020\/09\/05\/comunicato-stampa-05-09-20\/","url":"https:\/\/www.fondazionefrancescofabbri.it\/it\/2020\/09\/05\/comunicato-stampa-05-09-20\/","name":"Comunicato stampa del 05.09.20 - Fondazione Francesco Fabbri","isPartOf":{"@id":"https:\/\/www.fondazionefrancescofabbri.it\/en\/#website"},"datePublished":"2020-09-04T22:00:57+00:00","dateModified":"2020-09-04T23:06:07+00:00","author":{"@id":"https:\/\/www.fondazionefrancescofabbri.it\/en\/#\/schema\/person\/a1b33015996af6456a702df97fc81a94"},"breadcrumb":{"@id":"https:\/\/www.fondazionefrancescofabbri.it\/it\/2020\/09\/05\/comunicato-stampa-05-09-20\/#breadcrumb"},"inLanguage":"it-IT","potentialAction":[{"@type":"ReadAction","target":["https:\/\/www.fondazionefrancescofabbri.it\/it\/2020\/09\/05\/comunicato-stampa-05-09-20\/"]}]},{"@type":"BreadcrumbList","@id":"https:\/\/www.fondazionefrancescofabbri.it\/it\/2020\/09\/05\/comunicato-stampa-05-09-20\/#breadcrumb","itemListElement":[{"@type":"ListItem","position":1,"name":"Home","item":"https:\/\/www.fondazionefrancescofabbri.it\/it\/"},{"@type":"ListItem","position":2,"name":"Comunicato stampa del 05.09.20"}]},{"@type":"WebSite","@id":"https:\/\/www.fondazionefrancescofabbri.it\/en\/#website","url":"https:\/\/www.fondazionefrancescofabbri.it\/en\/","name":"Fondazione Francesco Fabbri","description":"Just another WordPress site","potentialAction":[{"@type":"SearchAction","target":{"@type":"EntryPoint","urlTemplate":"https:\/\/www.fondazionefrancescofabbri.it\/en\/?s={search_term_string}"},"query-input":"required name=search_term_string"}],"inLanguage":"it-IT"},{"@type":"Person","@id":"https:\/\/www.fondazionefrancescofabbri.it\/en\/#\/schema\/person\/a1b33015996af6456a702df97fc81a94","name":"Fondazione Francesco Fabbri","image":{"@type":"ImageObject","inLanguage":"it-IT","@id":"https:\/\/www.fondazionefrancescofabbri.it\/en\/#\/schema\/person\/image\/","url":"https:\/\/secure.gravatar.com\/avatar\/8bf33eb017a5776110766f830b2b2044?s=96&d=mm&r=g","contentUrl":"https:\/\/secure.gravatar.com\/avatar\/8bf33eb017a5776110766f830b2b2044?s=96&d=mm&r=g","caption":"Fondazione Francesco Fabbri"},"url":"https:\/\/www.fondazionefrancescofabbri.it\/it\/author\/agata\/"}]}},"_links":{"self":[{"href":"https:\/\/www.fondazionefrancescofabbri.it\/it\/wp-json\/wp\/v2\/posts\/2864"}],"collection":[{"href":"https:\/\/www.fondazionefrancescofabbri.it\/it\/wp-json\/wp\/v2\/posts"}],"about":[{"href":"https:\/\/www.fondazionefrancescofabbri.it\/it\/wp-json\/wp\/v2\/types\/post"}],"author":[{"embeddable":true,"href":"https:\/\/www.fondazionefrancescofabbri.it\/it\/wp-json\/wp\/v2\/users\/3"}],"replies":[{"embeddable":true,"href":"https:\/\/www.fondazionefrancescofabbri.it\/it\/wp-json\/wp\/v2\/comments?post=2864"}],"version-history":[{"count":4,"href":"https:\/\/www.fondazionefrancescofabbri.it\/it\/wp-json\/wp\/v2\/posts\/2864\/revisions"}],"predecessor-version":[{"id":2879,"href":"https:\/\/www.fondazionefrancescofabbri.it\/it\/wp-json\/wp\/v2\/posts\/2864\/revisions\/2879"}],"wp:featuredmedia":[{"embeddable":true,"href":"https:\/\/www.fondazionefrancescofabbri.it\/it\/wp-json\/wp\/v2\/media\/2619"}],"wp:attachment":[{"href":"https:\/\/www.fondazionefrancescofabbri.it\/it\/wp-json\/wp\/v2\/media?parent=2864"}],"wp:term":[{"taxonomy":"category","embeddable":true,"href":"https:\/\/www.fondazionefrancescofabbri.it\/it\/wp-json\/wp\/v2\/categories?post=2864"},{"taxonomy":"post_tag","embeddable":true,"href":"https:\/\/www.fondazionefrancescofabbri.it\/it\/wp-json\/wp\/v2\/tags?post=2864"}],"curies":[{"name":"wp","href":"https:\/\/api.w.org\/{rel}","templated":true}]}}