{"id":2964,"date":"2021-04-22T16:28:10","date_gmt":"2021-04-22T14:28:10","guid":{"rendered":"https:\/\/www.fondazionefrancescofabbri.it\/?p=2964"},"modified":"2021-05-01T16:48:50","modified_gmt":"2021-05-01T14:48:50","slug":"comunicato-stampa-05-02-21-2-2","status":"publish","type":"post","link":"https:\/\/www.fondazionefrancescofabbri.it\/it\/2021\/04\/22\/comunicato-stampa-05-02-21-2-2\/","title":{"rendered":"Comunicato stampa del 16.02.21"},"content":{"rendered":"<section class=\"wpb-content-wrapper\"><p>[vc_row][vc_column][vc_column_text]<\/p>\n<div class=\"page\" title=\"Page 1\">\n<div class=\"layoutArea\">\n<div class=\"column\">\n<div class=\"page\" title=\"Page 1\">\n<div class=\"layoutArea\">\n<div class=\"column\">\n<div>\n<div class=\"m_2334639655181586460block-grid\">\n<div class=\"m_2334639655181586460col\">\n<div class=\"m_2334639655181586460col_cont\">\n<p><strong>APRE DOMANI LA MOSTRA DEL PREMIO FABBRI<\/strong><\/p>\n<p><strong>VENERD\u00cc 19 FEBBRAIO SAR\u00c0 PRESENTE <\/strong><strong>IL CURATORE CARLO SALA A GUIDARE I VISITATORI<\/strong><\/p>\n<\/div>\n<\/div>\n<\/div>\n<\/div>\n<div>\n<div class=\"m_2334639655181586460block-grid\">\n<div class=\"m_2334639655181586460col\">\n<div class=\"m_2334639655181586460col_cont\">\n<p>Fondazione Francesco Fabbri Onlus \u00e8 lieta di annunciare l&#8217;apertura, domani\u00a0<strong>17 febbraio<\/strong>, dell\u2019 esposizione collettiva delle opere finaliste al\u00a0<strong>Premio Francesco Fabbri per le Arti Contemporanee<\/strong>. L\u2019iniziativa curata da\u00a0<strong>Carlo Sala<\/strong>\u00a0e giunta alla nona edizione sar\u00e0 visitabile nella suggestiva cornice di\u00a0<strong>Villa Brandolini a Pieve di Soligo<\/strong>\u00a0(TV) fino a venerd\u00ec 26 febbraio.<br \/>\nIn un momento storico tanto complesso, la realizzazione di questa mostra \u2013 alla quale sono stati imposti vari slittamenti causa ragioni di forza maggiore note a tutti \u2013 rivela anche una valenza simbolica, con lo scopo di far arrivare un segnale di resistenza culturale come strumento di welfare, e di sostegno al settore delle arti.<br \/>\nLa mostra sar\u00e0 accessibile al pubblico in Villa Brandolini dal mercoled\u00ec al venerd\u00ec, dalle ore 16 alle ore 19.30;\u00a0<strong>venerd\u00ec 19<\/strong>\u00a0sar\u00e0 presente il\u00a0<strong>curatore Carlo Sala<\/strong>\u00a0che guider\u00e0 i visitatori all\u2019interno del percorso espositivo.<\/p>\n<\/div>\n<p>L\u2019esposizione coinvolge 60 finalisti internazionali, divisi tra le due sezioni di Arte Emergente e Fotografia Contemporanea, selezionati da una giuria di prestigio che ha esaminato &#8211; edizione record &#8211; ben\u00a0<strong>1190 candidature<\/strong>.<br \/>\nTra le numerose opere candidate, sono risultate finaliste della sezione\u00a0<strong>Arte Emergente<\/strong>\u00a0\u2013 dedicata agli under 35 \u2013 quelle di: Sveva Angeletti, Marco Antelmi, Luca Bosani, Gianluca Brando, Lucia Bricco, Mara Callegaro, Letizia Calori, Federico Cantale, Alessia Cargnelli, Matteo Costanzo, Nicol\u00f2 Degiorgis, Antonio Della Guardia, Binta Diaw, Lorenzo Ermini, Valentina Furian, Nicola Lorini, Luca Marcelli, Martina Melilli, Stefan Milosavljevic, Cl\u00e0udia Mirambell Adroher, Caterina Morigi, Francis Offman, Dario Picariello, Giulio Saverio Rossi, Giuliana Rosso, Letizia Scarpello, Davide Sgambaro, Gabriel St\u00f6ckli, Davide Stucchi ed Eva Chiara Trevisan.<br \/>\nI finalisti della sezione\u00a0<strong>Fotografia Contemporanea<\/strong>\u00a0invece sono: Bruno Baltzer &amp; Leonora Bisagno, Riccardo Banfi, Mariella Bettineschi, Silvia Bigi, Jaspal Birdi, Calori &amp; Maillard, Domenico Camarda, Marina Caneve, Luca Capuano &amp; Camilla Casadei Maldini, Valeria Cherchi, Paolo Ciregia, Federico Clavarino, Mario Cresci, Orecchie d\u2019Asino, Barbara De Vivi, Massimiliano Gatti, Valentina Lapolla, Fabien Marques, Luca Massaro, Valentina Miorandi, Gloria Pasotti, Camillo Pasquarelli, Iacopo Pasqui, Claudia Petraroli, Eleonora Quadri, Alessandro Sambini, Buhlebezwe Siwani, Jacopo Valentini, Rocco Venezia e Martina Zanin.<\/p>\n<\/div>\n<p><strong>Valentina Furian<\/strong>\u00a0(Dolo, 1989) si \u00e8 aggiudicata la sezione Arte Emergente del Premio Fabbri con<br \/>\nl\u2019opera Drago, 2020. Sul solco della sua ricerca, che indaga il legame tra uomo e natura, l\u2019artista ha\u00a0proposto un\u2019installazione video a doppio canale popolato da fattezze animali dentro uno scenario\u00a0notturno e rarefatto. Nonostante il titolo sembri evocare la presenza di un essere fantastico dai tratti\u00a0mostruosi lo spettatore si ritrova dinnanzi a una narrazione fatta di gesti lievi, carichi di delicatezza,\u00a0pervasa da un silenzio ammantato di spiritualit\u00e0.<br \/>\nA vincere nella sezione Fotografia Contemporanea \u00e8 stato\u00a0<strong>Paolo Ciregia<\/strong>\u00a0(Viareggio, 1987) con<br \/>\nStalin 2, 2019. Si tratta di un lavoro collegato al recente dibattito sul valore simbolico dei<br \/>\nmonumenti che, soprattutto negli Stati Uniti, ha portato alla rimozione di alcune sculture dal<br \/>\ncarattere divisivo.<br \/>\nL\u2019artista ha collezionato vari busti che ritraggono alcuni tra i pi\u00f9 noti dittatori del XX secolo<br \/>\nvedendo in questi i simulacri di un potere che vuole insinuarsi nella sfera domestica.<br \/>\nI vincitori assoluti delle due sezioni hanno ricevuto un premio acquisto di 5.000 euro l\u2019uno e<br \/>\nvedranno le loro opere entrare nella collezione di Fondazione Fabbri; sono state annunciate inoltre le\u00a0menzioni speciali che le giurie hanno voluto attribuire ad alcuni lavori particolarmente significativi,\u00a0il riconoscimento \u00e8 andato a Federico Cantale, Martina Melilli, Silvia Bigi, Orecchie D\u2019Asino e\u00a0Claudia Petraroli.<\/p>\n<\/div>\n<p><strong>&#8212;&#8212;&#8212;&#8212;&#8212;&#8212;&#8212;&#8212;&#8212;&#8212;&#8212;&#8212;&#8212;&#8212;<\/strong><\/p>\n<p>&nbsp;<\/p>\n<p><strong>Premio Francesco Fabbri per le Arti Contemporanee<\/strong><br \/>\na cura di Carlo Sala<br \/>\nVilla Brandolini, Solighetto di Pieve di Soligo (Treviso), Piazza Libert\u00e0 n\u00b07<br \/>\nCerimonia di premiazione online 13 febbraio ore 17.30<br \/>\n17 \u2013 26 febbraio 2021<\/p>\n<p>Il Premio \u00e8 promosso dalla Fondazione Francesco Fabbri in collaborazione con il Comune di Pieve<br \/>\ndi Soligo, con il patrocinio di Regione Veneto e Provincia di Treviso, e di Landscape Stories e TRA.<\/p>\n<p>Orari di apertura: mercoledi \u2013 giovedi \u2013 venerdi, 16.00 \u2013 19.30<br \/>\nIngresso libero.<\/p>\n<p>Per Info:\u00a0<a href=\"http:\/\/www.fondazionefrancescofabbri.it\/\" target=\"_blank\" rel=\"noopener\" data-saferedirecturl=\"https:\/\/www.google.com\/url?q=http:\/\/www.fondazionefrancescofabbri.it&amp;source=gmail&amp;ust=1619187590942000&amp;usg=AFQjCNF_uNeuJhcDfXo84DaIcYopLrA1fg\">www.fondazionefrancescofabbri.<wbr \/>it<\/a>; segreteria@<wbr \/>fondazionefrancescofabbri<\/p>\n<\/div>\n<\/div>\n<\/div>\n<\/div>\n<\/div>\n<\/div>\n<\/div>\n<p>[\/vc_column_text][\/vc_column][\/vc_row]<\/p>\n<\/section>","protected":false},"excerpt":{"rendered":"<p>Fondazione Francesco Fabbri Onlus \u00e8 lieta di annunciare l&#8217;apertura per il 17 febbraio dell\u2019esposizione collettiva dei finalisti al Premio Francesco Fabbri per le Arti Contemporanee.<\/p>\n","protected":false},"author":8,"featured_media":0,"comment_status":"open","ping_status":"open","sticky":false,"template":"","format":"standard","meta":[],"categories":[45,3,23,6,22],"tags":[],"acf":[],"yoast_head":"<!-- This site is optimized with the Yoast SEO plugin v20.8 - https:\/\/yoast.com\/wordpress\/plugins\/seo\/ -->\n<title>Comunicato stampa del 16.02.21 - Fondazione Francesco Fabbri<\/title>\n<meta name=\"robots\" content=\"index, follow, max-snippet:-1, max-image-preview:large, max-video-preview:-1\" \/>\n<link rel=\"canonical\" href=\"https:\/\/www.fondazionefrancescofabbri.it\/it\/2021\/04\/22\/comunicato-stampa-05-02-21-2-2\/\" \/>\n<meta property=\"og:locale\" content=\"it_IT\" \/>\n<meta property=\"og:type\" content=\"article\" \/>\n<meta property=\"og:title\" content=\"Comunicato stampa del 16.02.21 - Fondazione Francesco Fabbri\" \/>\n<meta property=\"og:description\" content=\"Fondazione Francesco Fabbri Onlus \u00e8 lieta di annunciare l&#039;apertura per il 17 febbraio dell\u2019esposizione collettiva dei finalisti al Premio Francesco Fabbri per le Arti Contemporanee.\" \/>\n<meta property=\"og:url\" content=\"https:\/\/www.fondazionefrancescofabbri.it\/it\/2021\/04\/22\/comunicato-stampa-05-02-21-2-2\/\" \/>\n<meta property=\"og:site_name\" content=\"Fondazione Francesco Fabbri\" \/>\n<meta property=\"article:published_time\" content=\"2021-04-22T14:28:10+00:00\" \/>\n<meta property=\"article:modified_time\" content=\"2021-05-01T14:48:50+00:00\" \/>\n<meta name=\"author\" content=\"Fondazione Francesco Fabbri\" \/>\n<meta name=\"twitter:card\" content=\"summary_large_image\" \/>\n<meta name=\"twitter:label1\" content=\"Scritto da\" \/>\n\t<meta name=\"twitter:data1\" content=\"Fondazione Francesco Fabbri\" \/>\n\t<meta name=\"twitter:label2\" content=\"Tempo di lettura stimato\" \/>\n\t<meta name=\"twitter:data2\" content=\"3 minuti\" \/>\n<script type=\"application\/ld+json\" class=\"yoast-schema-graph\">{\"@context\":\"https:\/\/schema.org\",\"@graph\":[{\"@type\":\"WebPage\",\"@id\":\"https:\/\/www.fondazionefrancescofabbri.it\/it\/2021\/04\/22\/comunicato-stampa-05-02-21-2-2\/\",\"url\":\"https:\/\/www.fondazionefrancescofabbri.it\/it\/2021\/04\/22\/comunicato-stampa-05-02-21-2-2\/\",\"name\":\"Comunicato stampa del 16.02.21 - Fondazione Francesco Fabbri\",\"isPartOf\":{\"@id\":\"https:\/\/www.fondazionefrancescofabbri.it\/en\/#website\"},\"datePublished\":\"2021-04-22T14:28:10+00:00\",\"dateModified\":\"2021-05-01T14:48:50+00:00\",\"author\":{\"@id\":\"https:\/\/www.fondazionefrancescofabbri.it\/en\/#\/schema\/person\/674c3629d79d89f3c0974d34d33e6200\"},\"breadcrumb\":{\"@id\":\"https:\/\/www.fondazionefrancescofabbri.it\/it\/2021\/04\/22\/comunicato-stampa-05-02-21-2-2\/#breadcrumb\"},\"inLanguage\":\"it-IT\",\"potentialAction\":[{\"@type\":\"ReadAction\",\"target\":[\"https:\/\/www.fondazionefrancescofabbri.it\/it\/2021\/04\/22\/comunicato-stampa-05-02-21-2-2\/\"]}]},{\"@type\":\"BreadcrumbList\",\"@id\":\"https:\/\/www.fondazionefrancescofabbri.it\/it\/2021\/04\/22\/comunicato-stampa-05-02-21-2-2\/#breadcrumb\",\"itemListElement\":[{\"@type\":\"ListItem\",\"position\":1,\"name\":\"Home\",\"item\":\"https:\/\/www.fondazionefrancescofabbri.it\/it\/\"},{\"@type\":\"ListItem\",\"position\":2,\"name\":\"Comunicato stampa del 16.02.21\"}]},{\"@type\":\"WebSite\",\"@id\":\"https:\/\/www.fondazionefrancescofabbri.it\/en\/#website\",\"url\":\"https:\/\/www.fondazionefrancescofabbri.it\/en\/\",\"name\":\"Fondazione Francesco Fabbri\",\"description\":\"Just another WordPress site\",\"potentialAction\":[{\"@type\":\"SearchAction\",\"target\":{\"@type\":\"EntryPoint\",\"urlTemplate\":\"https:\/\/www.fondazionefrancescofabbri.it\/en\/?s={search_term_string}\"},\"query-input\":\"required name=search_term_string\"}],\"inLanguage\":\"it-IT\"},{\"@type\":\"Person\",\"@id\":\"https:\/\/www.fondazionefrancescofabbri.it\/en\/#\/schema\/person\/674c3629d79d89f3c0974d34d33e6200\",\"name\":\"Fondazione Francesco Fabbri\",\"image\":{\"@type\":\"ImageObject\",\"inLanguage\":\"it-IT\",\"@id\":\"https:\/\/www.fondazionefrancescofabbri.it\/en\/#\/schema\/person\/image\/\",\"url\":\"https:\/\/secure.gravatar.com\/avatar\/ec2c804d96abd506edd38ca09d6a13e6?s=96&d=mm&r=g\",\"contentUrl\":\"https:\/\/secure.gravatar.com\/avatar\/ec2c804d96abd506edd38ca09d6a13e6?s=96&d=mm&r=g\",\"caption\":\"Fondazione Francesco Fabbri\"},\"url\":\"https:\/\/www.fondazionefrancescofabbri.it\/it\/author\/fondazione-francesco-fabbri\/\"}]}<\/script>\n<!-- \/ Yoast SEO plugin. -->","yoast_head_json":{"title":"Comunicato stampa del 16.02.21 - Fondazione Francesco Fabbri","robots":{"index":"index","follow":"follow","max-snippet":"max-snippet:-1","max-image-preview":"max-image-preview:large","max-video-preview":"max-video-preview:-1"},"canonical":"https:\/\/www.fondazionefrancescofabbri.it\/it\/2021\/04\/22\/comunicato-stampa-05-02-21-2-2\/","og_locale":"it_IT","og_type":"article","og_title":"Comunicato stampa del 16.02.21 - Fondazione Francesco Fabbri","og_description":"Fondazione Francesco Fabbri Onlus \u00e8 lieta di annunciare l'apertura per il 17 febbraio dell\u2019esposizione collettiva dei finalisti al Premio Francesco Fabbri per le Arti Contemporanee.","og_url":"https:\/\/www.fondazionefrancescofabbri.it\/it\/2021\/04\/22\/comunicato-stampa-05-02-21-2-2\/","og_site_name":"Fondazione Francesco Fabbri","article_published_time":"2021-04-22T14:28:10+00:00","article_modified_time":"2021-05-01T14:48:50+00:00","author":"Fondazione Francesco Fabbri","twitter_card":"summary_large_image","twitter_misc":{"Scritto da":"Fondazione Francesco Fabbri","Tempo di lettura stimato":"3 minuti"},"schema":{"@context":"https:\/\/schema.org","@graph":[{"@type":"WebPage","@id":"https:\/\/www.fondazionefrancescofabbri.it\/it\/2021\/04\/22\/comunicato-stampa-05-02-21-2-2\/","url":"https:\/\/www.fondazionefrancescofabbri.it\/it\/2021\/04\/22\/comunicato-stampa-05-02-21-2-2\/","name":"Comunicato stampa del 16.02.21 - Fondazione Francesco Fabbri","isPartOf":{"@id":"https:\/\/www.fondazionefrancescofabbri.it\/en\/#website"},"datePublished":"2021-04-22T14:28:10+00:00","dateModified":"2021-05-01T14:48:50+00:00","author":{"@id":"https:\/\/www.fondazionefrancescofabbri.it\/en\/#\/schema\/person\/674c3629d79d89f3c0974d34d33e6200"},"breadcrumb":{"@id":"https:\/\/www.fondazionefrancescofabbri.it\/it\/2021\/04\/22\/comunicato-stampa-05-02-21-2-2\/#breadcrumb"},"inLanguage":"it-IT","potentialAction":[{"@type":"ReadAction","target":["https:\/\/www.fondazionefrancescofabbri.it\/it\/2021\/04\/22\/comunicato-stampa-05-02-21-2-2\/"]}]},{"@type":"BreadcrumbList","@id":"https:\/\/www.fondazionefrancescofabbri.it\/it\/2021\/04\/22\/comunicato-stampa-05-02-21-2-2\/#breadcrumb","itemListElement":[{"@type":"ListItem","position":1,"name":"Home","item":"https:\/\/www.fondazionefrancescofabbri.it\/it\/"},{"@type":"ListItem","position":2,"name":"Comunicato stampa del 16.02.21"}]},{"@type":"WebSite","@id":"https:\/\/www.fondazionefrancescofabbri.it\/en\/#website","url":"https:\/\/www.fondazionefrancescofabbri.it\/en\/","name":"Fondazione Francesco Fabbri","description":"Just another WordPress site","potentialAction":[{"@type":"SearchAction","target":{"@type":"EntryPoint","urlTemplate":"https:\/\/www.fondazionefrancescofabbri.it\/en\/?s={search_term_string}"},"query-input":"required name=search_term_string"}],"inLanguage":"it-IT"},{"@type":"Person","@id":"https:\/\/www.fondazionefrancescofabbri.it\/en\/#\/schema\/person\/674c3629d79d89f3c0974d34d33e6200","name":"Fondazione Francesco Fabbri","image":{"@type":"ImageObject","inLanguage":"it-IT","@id":"https:\/\/www.fondazionefrancescofabbri.it\/en\/#\/schema\/person\/image\/","url":"https:\/\/secure.gravatar.com\/avatar\/ec2c804d96abd506edd38ca09d6a13e6?s=96&d=mm&r=g","contentUrl":"https:\/\/secure.gravatar.com\/avatar\/ec2c804d96abd506edd38ca09d6a13e6?s=96&d=mm&r=g","caption":"Fondazione Francesco Fabbri"},"url":"https:\/\/www.fondazionefrancescofabbri.it\/it\/author\/fondazione-francesco-fabbri\/"}]}},"_links":{"self":[{"href":"https:\/\/www.fondazionefrancescofabbri.it\/it\/wp-json\/wp\/v2\/posts\/2964"}],"collection":[{"href":"https:\/\/www.fondazionefrancescofabbri.it\/it\/wp-json\/wp\/v2\/posts"}],"about":[{"href":"https:\/\/www.fondazionefrancescofabbri.it\/it\/wp-json\/wp\/v2\/types\/post"}],"author":[{"embeddable":true,"href":"https:\/\/www.fondazionefrancescofabbri.it\/it\/wp-json\/wp\/v2\/users\/8"}],"replies":[{"embeddable":true,"href":"https:\/\/www.fondazionefrancescofabbri.it\/it\/wp-json\/wp\/v2\/comments?post=2964"}],"version-history":[{"count":1,"href":"https:\/\/www.fondazionefrancescofabbri.it\/it\/wp-json\/wp\/v2\/posts\/2964\/revisions"}],"predecessor-version":[{"id":2965,"href":"https:\/\/www.fondazionefrancescofabbri.it\/it\/wp-json\/wp\/v2\/posts\/2964\/revisions\/2965"}],"wp:attachment":[{"href":"https:\/\/www.fondazionefrancescofabbri.it\/it\/wp-json\/wp\/v2\/media?parent=2964"}],"wp:term":[{"taxonomy":"category","embeddable":true,"href":"https:\/\/www.fondazionefrancescofabbri.it\/it\/wp-json\/wp\/v2\/categories?post=2964"},{"taxonomy":"post_tag","embeddable":true,"href":"https:\/\/www.fondazionefrancescofabbri.it\/it\/wp-json\/wp\/v2\/tags?post=2964"}],"curies":[{"name":"wp","href":"https:\/\/api.w.org\/{rel}","templated":true}]}}