{"id":2968,"date":"2021-04-22T16:33:28","date_gmt":"2021-04-22T14:33:28","guid":{"rendered":"https:\/\/www.fondazionefrancescofabbri.it\/?p=2968"},"modified":"2021-05-01T16:47:41","modified_gmt":"2021-05-01T14:47:41","slug":"comunicato-stampa-05-02-21-2-2-2-2","status":"publish","type":"post","link":"https:\/\/www.fondazionefrancescofabbri.it\/it\/2021\/04\/22\/comunicato-stampa-05-02-21-2-2-2-2\/","title":{"rendered":"Comunicato stampa del 01.03.21"},"content":{"rendered":"<section class=\"wpb-content-wrapper\"><p>[vc_row][vc_column][vc_column_text]<\/p>\n<div class=\"page\" title=\"Page 1\">\n<div class=\"layoutArea\">\n<div class=\"column\">\n<div class=\"page\" title=\"Page 1\">\n<div class=\"layoutArea\">\n<div class=\"column\">\n<div class=\"m_2334639655181586460block-grid\">\n<div class=\"m_2334639655181586460col\">\n<div class=\"m_2334639655181586460col_cont\">\n<p><strong>ANTONIO BELLUCCI. DANAE\u00a0<\/strong><\/p>\n<p><strong>DANAE REVISITED<\/strong><\/p>\n<p><strong>Villa Brandolini, Pieve di Soligo (TV)\u00a0<\/strong><\/p>\n<p><strong>12 marzo &#8211; 23 aprile 2021<\/strong><\/p>\n<div>\n<div class=\"m_-7816553114730821486block-grid\">\n<div>\n<div class=\"m_-7816553114730821486col\">\n<div class=\"m_-7816553114730821486col_cont\">\n<div>\n<div>\n<div>\n<p><strong>&#8220;Una mostra attorno al mito di Danae che mette in dialogo il dipinto rococ\u00f2 del grande artista Antonio Bellucci\u00a0 con diciannove pittori contemporanei&#8221;\u00a0<\/strong><\/p>\n<p>&nbsp;<\/p>\n<\/div>\n<\/div>\n<\/div>\n<\/div>\n<\/div>\n<\/div>\n<\/div>\n<\/div>\n<div>\n<div class=\"m_-7816553114730821486block-grid\">\n<div class=\"m_-7816553114730821486col\">\n<div class=\"m_-7816553114730821486col_cont\">\n<div>\n<div>\n<div>\n<p>Il\u00a0<strong>12 marzo<\/strong>\u00a0alle 17.30 a\u00a0<strong>Villa Brandolini<\/strong>\u00a0a\u00a0<strong>Pieve di Soligo (TV)<\/strong>\u00a0inaugura l&#8217;esposizione attorno al\u00a0<strong>mito di Danae<\/strong>\u00a0che\u00a0 mette in dialogo un dipinto del grande artista rococ\u00f2\u00a0<strong>Antonio Bellucci<\/strong>\u00a0(1654 &#8211; 1726) con diciannove\u00a0<strong>pittori\u00a0 contemporanei<\/strong>. La mostra, con la curatela di\u00a0<strong>Carlo Sala<\/strong>, \u00e8 promossa dalla Fondazione Francesco Fabbri Onlus in\u00a0 collaborazione con il comune di Pieve di Soligo.<\/p>\n<p>&nbsp;<\/p>\n<p>Il progetto espositivo si snoda a partire da un&#8217;opera acquisita di recente da Fondazione Fabbri, la\u00a0<em><strong>Danae<\/strong><\/em>\u00a0di\u00a0<strong>Antonio\u00a0 Bellucci<\/strong>, pittore veneziano che fu tra i protagonisti dell\u2019arte europea tra Seicento e Settecento e che si spense a Soligo\u00a0 nel 1726. L&#8217;autore, dopo una serie di importanti commissioni a Venezia, lavor\u00f2 presso varie corti del continente: nel\u00a0 1709 \u00e8 chiamato a Vienna dove opera per l&#8217;imperatore Giuseppe I e per il suo successore Carlo VI e dal 1716 \u00e8 a\u00a0 Londra dove \u00e8 ancora visibile il grandioso soffitto a motivi allegorici che realizza a Buckingham Palace.<\/p>\n<p>Il dipinto di Bellucci esposto in mostra narra le vicende dell&#8217;eroina della mitologia greca rinchiusa in una torre dal padre Acrisio, re di Argo, a cui l&#8217;oracolo di Delfi aveva predetto che sarebbe morto per mano della discendenza di sua \u00a0figlia. La tela, rifacendosi ad una lunga tradizione iconografica, mostra il momento in cui il dio Zeus feconda la \u00a0giovane sotto forma di pioggia dorata, rendendola madre di Perseo. La declinazione del mito operata da Bellucci \u00e8\u00a0 chiaramente di matrice tizianesca assecondando la moda di allora per la pittura veneta del Cinquecento, con<\/p>\n<p>l\u2019aggiunta di alcuni elementi decorativi (come gli eleganti dettagli floreali) sintomatici del gusto del suo tempo.\u00a0<em><strong>Danae Revisited<\/strong><\/em>\u00a0mette in relazione il dipinto storico con le opere di diciannove tra i pi\u00f9 interessanti pittori di ricerca\u00a0 operanti in Italia, per rinnovare visivamente e concettualmente il mito. Gli artisti in mostra sono\u00a0<strong>Paola Angelini,\u00a0 Thomas Braida, Chiara Calore, Neboj\u0161a Despotovi\u0107, Luca De Angelis, Zehra Do\u011fan, Barbara De Vivi,\u00a0 Christian Fogarolli, Alessandro Fogo, Matteo Fato, Oscar Giaconia, Giuseppe Gonella, Iva Lulashi, Luisa M\u00e8,\u00a0 Giulio Saverio Rossi, Nicola Samor\u00ec, Davide Serpetti, Marta Spagnoli<\/strong>\u00a0e<strong>\u00a0Shafei Xia<\/strong>.<\/p>\n<\/div>\n<p>Questi autori si sono interrogati sul senso profondo di rivisitare al giorno d&#8217;oggi un mito come quello di\u00a0Danae, giungendo ad approcci molto diversi. Alcuni pittori hanno voluto mantenere dei richiami all&#8217;iconografia classica,\u00a0 mentre altri hanno utilizzato Danae come un pretesto visivo per esprimere una serie di riflessioni e istanze sul tempo presente. La mostra appare cos\u00ec una polifonia di visioni pittoriche contemporanee che spaziano dai richiami alla\u00a0 tradizione attraverso la citazione a una narrazione imperniata sull&#8217;immaginario presente, da visioni figurali fortemente\u00a0 espressive alla smaterializzazione astratta della scena, da immagini che si legano strettamente al reale a composizioni\u00a0 allegoriche, da visioni cupe, grottesche e cariche di tensione a dipinti dove troneggia l&#8217;ironia fino a opere dove la\u00a0 pittura diviene espansa nello spazio.<\/p>\n<p>La mostra vuole porre un nuovo tassello a una tradizione iconografia che oggi appare quanto mai attuale perch\u00e9 nei\u00a0 secoli \u00e8 stata portatrice di una pluralit\u00e0 di accezioni della figura femminile, da emblema di castit\u00e0 a oggetto del\u00a0 desiderio sessuale, apparendo cos\u00ec una \u2018cartina tornasole\u2019 della forma mentis nei confronti del ruolo della donna nella\u00a0 societ\u00e0.<\/p>\n<p>&nbsp;<\/p>\n<p>In occasione della mostra uscir\u00e0\u00a0<em>Danae. Bagliori del mito<\/em>\u00a0un numero di Engramma (la rivista del Centro studi\u00a0 classicA dell&#8217;Universit\u00e0 IUAV di Venezia) dedicato alla figura di Danae con contributi di importanti studiosi di vari \u00a0ambiti disciplinari.<\/p>\n<p>&nbsp;<\/p>\n<p>La mostra rimarr\u00e0 aperta a Villa Brandolini a Pieve di Soligo fino al 23 aprile 2021, dal mercoled\u00ec al venerd\u00ec dalle\u00a0 16.00 alle 19.30.<\/p>\n<p>&nbsp;<\/p>\n<p><em>INFORMAZIONI<\/em>:<\/p>\n<p><strong>ANTONIO BELLUCCI. DANAE\u00a0<\/strong><\/p>\n<p><strong>DANAE REVISITED\u00a0<\/strong><\/p>\n<p>a cura di Carlo Sala<\/p>\n<p>Villa Brandolini, Pieve di Soligo (TV)<\/p>\n<p>12 marzo &#8211; 23 aprile 2021<\/p>\n<p><u>vernissage: venerd\u00ec 12 marzo, ore 17.30<\/u><\/p>\n<p>&nbsp;<\/p>\n<p><strong>Villa Brandolini, Pieve di Soligo (TV)\u00a0<\/strong><\/p>\n<p>Piazza Libert\u00e0, 7 &#8211; localit\u00e0 Solighetto<\/p>\n<p>&nbsp;<\/p>\n<p>Orari di apertura: mercoled\u00ec-venerd\u00ec 16.00-19.30<\/p>\n<p>Ingresso libero<\/p>\n<p>&nbsp;<\/p>\n<p>Evento promosso da Fondazione Francesco Fabbri e Comune di Pieve di Soligo.<\/p>\n<p>Info mostra:\u00a0<a href=\"mailto:segreteria@fondazionefrancescofabbri.it\" target=\"_blank\" rel=\"noopener\">segreteria@fondazionefrancescofabbri.it<\/a><\/p>\n<p><a href=\"http:\/\/www.fondazionefrancescofabbri.it\/\" target=\"_blank\" rel=\"noopener\" data-saferedirecturl=\"https:\/\/www.google.com\/url?q=http:\/\/www.fondazionefrancescofabbri.it&amp;source=gmail&amp;ust=1619187590861000&amp;usg=AFQjCNHJagFcYMcvCfcmoQFZyWAFmTK9rA\">www.fondazionefrancescofabbri.<wbr \/>it<\/a><\/p>\n<\/div>\n<p>Elenco autori contemporanei:<\/p>\n<p><strong>Paola Angelini<\/strong>\u00a0(San Benedetto del Tronto, 1983)<\/p>\n<p><strong>Thomas Braida<\/strong>\u00a0(Gorizia, 1982)<\/p>\n<p><strong>Chiara Calore<\/strong>\u00a0(Abano Terme, 1994)<\/p>\n<p><strong>Neboj\u0161a Despotovi\u0107<\/strong>\u00a0(Belgrado, 1982)<\/p>\n<p><strong>Luca De Angelis<\/strong>\u00a0(San Benedetto del Tronto, 1980)<\/p>\n<p><strong>Zehra Do\u011fan<\/strong>\u00a0(Diyarbak\u0131r,1989)<\/p>\n<p><strong>Barbara De Vivi<\/strong>\u00a0(Venezia, 1992)<\/p>\n<p><strong>Christian Fogarolli<\/strong>\u00a0(Trento, 1983)<\/p>\n<p><strong>Alessandro Fogo<\/strong>\u00a0(Thiene, 1992)<\/p>\n<p><strong>Matteo Fato<\/strong>\u00a0(Pescara, 1979)<\/p>\n<p><strong>Oscar Giaconia<\/strong>\u00a0(Milano, 1978)<\/p>\n<p><strong>Giuseppe Gonella<\/strong>\u00a0(Motta di Livenza, 1984)<\/p>\n<p><strong>Iva Lulashi<\/strong>\u00a0(Tirana, 1988)<\/p>\n<p><strong>Luisa M\u00e8 &#8211;<\/strong>\u00a0Luca Colangiacomo (Milano, 1990), Francesco Pasquini (Pesaro, 1991)<\/p>\n<p><strong>Giulio Saverio Rossi (<\/strong>Massa, 1988)<\/p>\n<p><strong>Nicola Samor\u00ec<\/strong>\u00a0(Forl\u00ec, 1977)<\/p>\n<p><strong>Davide Serpetti<\/strong>\u00a0(L\u2019Aquila, 1990)<\/p>\n<p><strong>Marta Spagnoli<\/strong>\u00a0(Verona, 1994)<\/p>\n<p><strong>Shafei Xia<\/strong>\u00a0(Shao Xing, 1989)<\/p>\n<\/div>\n<hr \/>\n<\/div>\n<p>Segui i nostri canali:<\/p>\n<p><a href=\"https:\/\/fondazionefrancescofabbrionlus.musvc2.net\/e\/t?q=8%3dHTHXOX%26y%3dV%265%3dRD%26J%3dKWJW%26B%3d87O7I_5vjp_F6_9qfu_I6_5vjp_EADM0.D5I76xHnH.tEz_Mhsc_Ww62Iu1CD6Dr_A9118vIpJ_w1o799_5vjp_EA_6r1n9qfu_J6uG_9qfu_J4vO%26u%3dC8NC3E.IvJ%26vN%3dHZLZ\" target=\"_blank\" rel=\"noopener\" data-saferedirecturl=\"https:\/\/www.google.com\/url?q=https:\/\/fondazionefrancescofabbrionlus.musvc2.net\/e\/t?q%3D8%253dHTHXOX%2526y%253dV%25265%253dRD%2526J%253dKWJW%2526B%253d87O7I_5vjp_F6_9qfu_I6_5vjp_EADM0.D5I76xHnH.tEz_Mhsc_Ww62Iu1CD6Dr_A9118vIpJ_w1o799_5vjp_EA_6r1n9qfu_J6uG_9qfu_J4vO%2526u%253dC8NC3E.IvJ%2526vN%253dHZLZ&amp;source=gmail&amp;ust=1619187590861000&amp;usg=AFQjCNHGGsTEm77zHDsYfGvIA2FJLi2tMQ\">instagram\u00a0<\/a><\/p>\n<p><a href=\"https:\/\/fondazionefrancescofabbrionlus.musvc2.net\/e\/t?q=A%3dMW6aTa%26m%3dY%260%3dU2%26M%3dPZ8Z%26G%3dAuRBL_syos_49_DtTx_N9_syos_3DIPx.Dw6f0AHl.AAF_syos_3DbHoBwSjM08GPwGdCE6pnw5cP5%267%3dnSEOdZ.089w4bu%26GE%3dTAgQ\" target=\"_blank\" rel=\"noopener\" data-saferedirecturl=\"https:\/\/www.google.com\/url?q=https:\/\/fondazionefrancescofabbrionlus.musvc2.net\/e\/t?q%3DA%253dMW6aTa%2526m%253dY%25260%253dU2%2526M%253dPZ8Z%2526G%253dAuRBL_syos_49_DtTx_N9_syos_3DIPx.Dw6f0AHl.AAF_syos_3DbHoBwSjM08GPwGdCE6pnw5cP5%25267%253dnSEOdZ.089w4bu%2526GE%253dTAgQ&amp;source=gmail&amp;ust=1619187590861000&amp;usg=AFQjCNEM_mP8GieJKgw0BS2VB_2ZVS_bYQ\">facebook<\/a><\/p>\n<p><a href=\"https:\/\/fondazionefrancescofabbrionlus.musvc2.net\/e\/t?q=8%3dNbQXUf%268%3dV%26A%3dZM%26J%3dQeSW%26H%3dFFOCQ_Dvpx_O6_Eyou_OD_Dvpx_NAJUI.NCP168CD.8BK_Dvpx_NAFFAR_Eyou_OD2JGM3MxD56-G98FF%26B%3d9PFTyW6x9w.ACF%26DF%3dYVdR\" target=\"_blank\" rel=\"noopener\" data-saferedirecturl=\"https:\/\/www.google.com\/url?q=https:\/\/fondazionefrancescofabbrionlus.musvc2.net\/e\/t?q%3D8%253dNbQXUf%25268%253dV%2526A%253dZM%2526J%253dQeSW%2526H%253dFFOCQ_Dvpx_O6_Eyou_OD_Dvpx_NAJUI.NCP168CD.8BK_Dvpx_NAFFAR_Eyou_OD2JGM3MxD56-G98FF%2526B%253d9PFTyW6x9w.ACF%2526DF%253dYVdR&amp;source=gmail&amp;ust=1619187590861000&amp;usg=AFQjCNEPpYB46agd-2tr1mBJp0308yuv3Q\">spreaker<\/a><\/p>\n<p><a href=\"https:\/\/fondazionefrancescofabbrionlus.musvc2.net\/e\/t?q=8%3dGUFXNY%26w%3dV%264%3dSB%26J%3dJXHW%26A%3d95O6J_3viq_D6_8rdu_H7_3viq_CACN8.T5L5Pr6.nJ3_Ibxf_Sq8x2yIuC_3viq_CAkd281_AhuUxSARv9UQoqT_i6q2lb_3viq_DAB0pR_qJ_3viq_D99LmNsIt7uI%26o%3dHAJ78H.EpO%26yJ%3dBeOV\" target=\"_blank\" rel=\"noopener\" data-saferedirecturl=\"https:\/\/www.google.com\/url?q=https:\/\/fondazionefrancescofabbrionlus.musvc2.net\/e\/t?q%3D8%253dGUFXNY%2526w%253dV%25264%253dSB%2526J%253dJXHW%2526A%253d95O6J_3viq_D6_8rdu_H7_3viq_CACN8.T5L5Pr6.nJ3_Ibxf_Sq8x2yIuC_3viq_CAkd281_AhuUxSARv9UQoqT_i6q2lb_3viq_DAB0pR_qJ_3viq_D99LmNsIt7uI%2526o%253dHAJ78H.EpO%2526yJ%253dBeOV&amp;source=gmail&amp;ust=1619187590861000&amp;usg=AFQjCNFr9TF55folCZFC8sD46FoHBxjiNw\">youtube<\/a><\/p>\n<\/div>\n<\/div>\n<\/div>\n<\/div>\n<\/div>\n<\/div>\n<\/div>\n<\/div>\n<\/div>\n<\/div>\n<\/div>\n<\/div>\n<p>[\/vc_column_text][\/vc_column][\/vc_row]<\/p>\n<\/section>","protected":false},"excerpt":{"rendered":"<p>Fondazione Francesco Fabbri Onlus \u00e8 lieta di annunciare l&#8217;apertura per il 17 febbraio dell\u2019esposizione collettiva dei finalisti al Premio Francesco Fabbri per le Arti Contemporanee.<\/p>\n","protected":false},"author":8,"featured_media":0,"comment_status":"open","ping_status":"open","sticky":false,"template":"","format":"standard","meta":[],"categories":[45,3,23,6,22],"tags":[],"acf":[],"yoast_head":"<!-- This site is optimized with the Yoast SEO plugin v20.8 - https:\/\/yoast.com\/wordpress\/plugins\/seo\/ -->\n<title>Comunicato stampa del 01.03.21 - Fondazione Francesco Fabbri<\/title>\n<meta name=\"robots\" content=\"index, follow, max-snippet:-1, max-image-preview:large, max-video-preview:-1\" \/>\n<link rel=\"canonical\" href=\"https:\/\/www.fondazionefrancescofabbri.it\/it\/2021\/04\/22\/comunicato-stampa-05-02-21-2-2-2-2\/\" \/>\n<meta property=\"og:locale\" content=\"it_IT\" \/>\n<meta property=\"og:type\" content=\"article\" \/>\n<meta property=\"og:title\" content=\"Comunicato stampa del 01.03.21 - Fondazione Francesco Fabbri\" \/>\n<meta property=\"og:description\" content=\"Fondazione Francesco Fabbri Onlus \u00e8 lieta di annunciare l&#039;apertura per il 17 febbraio dell\u2019esposizione collettiva dei finalisti al Premio Francesco Fabbri per le Arti Contemporanee.\" \/>\n<meta property=\"og:url\" content=\"https:\/\/www.fondazionefrancescofabbri.it\/it\/2021\/04\/22\/comunicato-stampa-05-02-21-2-2-2-2\/\" \/>\n<meta property=\"og:site_name\" content=\"Fondazione Francesco Fabbri\" \/>\n<meta property=\"article:published_time\" content=\"2021-04-22T14:33:28+00:00\" \/>\n<meta property=\"article:modified_time\" content=\"2021-05-01T14:47:41+00:00\" \/>\n<meta name=\"author\" content=\"Fondazione Francesco Fabbri\" \/>\n<meta name=\"twitter:card\" content=\"summary_large_image\" \/>\n<meta name=\"twitter:label1\" content=\"Scritto da\" \/>\n\t<meta name=\"twitter:data1\" content=\"Fondazione Francesco Fabbri\" \/>\n\t<meta name=\"twitter:label2\" content=\"Tempo di lettura stimato\" \/>\n\t<meta name=\"twitter:data2\" content=\"4 minuti\" \/>\n<script type=\"application\/ld+json\" class=\"yoast-schema-graph\">{\"@context\":\"https:\/\/schema.org\",\"@graph\":[{\"@type\":\"WebPage\",\"@id\":\"https:\/\/www.fondazionefrancescofabbri.it\/it\/2021\/04\/22\/comunicato-stampa-05-02-21-2-2-2-2\/\",\"url\":\"https:\/\/www.fondazionefrancescofabbri.it\/it\/2021\/04\/22\/comunicato-stampa-05-02-21-2-2-2-2\/\",\"name\":\"Comunicato stampa del 01.03.21 - Fondazione Francesco Fabbri\",\"isPartOf\":{\"@id\":\"https:\/\/www.fondazionefrancescofabbri.it\/en\/#website\"},\"datePublished\":\"2021-04-22T14:33:28+00:00\",\"dateModified\":\"2021-05-01T14:47:41+00:00\",\"author\":{\"@id\":\"https:\/\/www.fondazionefrancescofabbri.it\/en\/#\/schema\/person\/674c3629d79d89f3c0974d34d33e6200\"},\"breadcrumb\":{\"@id\":\"https:\/\/www.fondazionefrancescofabbri.it\/it\/2021\/04\/22\/comunicato-stampa-05-02-21-2-2-2-2\/#breadcrumb\"},\"inLanguage\":\"it-IT\",\"potentialAction\":[{\"@type\":\"ReadAction\",\"target\":[\"https:\/\/www.fondazionefrancescofabbri.it\/it\/2021\/04\/22\/comunicato-stampa-05-02-21-2-2-2-2\/\"]}]},{\"@type\":\"BreadcrumbList\",\"@id\":\"https:\/\/www.fondazionefrancescofabbri.it\/it\/2021\/04\/22\/comunicato-stampa-05-02-21-2-2-2-2\/#breadcrumb\",\"itemListElement\":[{\"@type\":\"ListItem\",\"position\":1,\"name\":\"Home\",\"item\":\"https:\/\/www.fondazionefrancescofabbri.it\/it\/\"},{\"@type\":\"ListItem\",\"position\":2,\"name\":\"Comunicato stampa del 01.03.21\"}]},{\"@type\":\"WebSite\",\"@id\":\"https:\/\/www.fondazionefrancescofabbri.it\/en\/#website\",\"url\":\"https:\/\/www.fondazionefrancescofabbri.it\/en\/\",\"name\":\"Fondazione Francesco Fabbri\",\"description\":\"Just another WordPress site\",\"potentialAction\":[{\"@type\":\"SearchAction\",\"target\":{\"@type\":\"EntryPoint\",\"urlTemplate\":\"https:\/\/www.fondazionefrancescofabbri.it\/en\/?s={search_term_string}\"},\"query-input\":\"required name=search_term_string\"}],\"inLanguage\":\"it-IT\"},{\"@type\":\"Person\",\"@id\":\"https:\/\/www.fondazionefrancescofabbri.it\/en\/#\/schema\/person\/674c3629d79d89f3c0974d34d33e6200\",\"name\":\"Fondazione Francesco Fabbri\",\"image\":{\"@type\":\"ImageObject\",\"inLanguage\":\"it-IT\",\"@id\":\"https:\/\/www.fondazionefrancescofabbri.it\/en\/#\/schema\/person\/image\/\",\"url\":\"https:\/\/secure.gravatar.com\/avatar\/ec2c804d96abd506edd38ca09d6a13e6?s=96&d=mm&r=g\",\"contentUrl\":\"https:\/\/secure.gravatar.com\/avatar\/ec2c804d96abd506edd38ca09d6a13e6?s=96&d=mm&r=g\",\"caption\":\"Fondazione Francesco Fabbri\"},\"url\":\"https:\/\/www.fondazionefrancescofabbri.it\/it\/author\/fondazione-francesco-fabbri\/\"}]}<\/script>\n<!-- \/ Yoast SEO plugin. -->","yoast_head_json":{"title":"Comunicato stampa del 01.03.21 - Fondazione Francesco Fabbri","robots":{"index":"index","follow":"follow","max-snippet":"max-snippet:-1","max-image-preview":"max-image-preview:large","max-video-preview":"max-video-preview:-1"},"canonical":"https:\/\/www.fondazionefrancescofabbri.it\/it\/2021\/04\/22\/comunicato-stampa-05-02-21-2-2-2-2\/","og_locale":"it_IT","og_type":"article","og_title":"Comunicato stampa del 01.03.21 - Fondazione Francesco Fabbri","og_description":"Fondazione Francesco Fabbri Onlus \u00e8 lieta di annunciare l'apertura per il 17 febbraio dell\u2019esposizione collettiva dei finalisti al Premio Francesco Fabbri per le Arti Contemporanee.","og_url":"https:\/\/www.fondazionefrancescofabbri.it\/it\/2021\/04\/22\/comunicato-stampa-05-02-21-2-2-2-2\/","og_site_name":"Fondazione Francesco Fabbri","article_published_time":"2021-04-22T14:33:28+00:00","article_modified_time":"2021-05-01T14:47:41+00:00","author":"Fondazione Francesco Fabbri","twitter_card":"summary_large_image","twitter_misc":{"Scritto da":"Fondazione Francesco Fabbri","Tempo di lettura stimato":"4 minuti"},"schema":{"@context":"https:\/\/schema.org","@graph":[{"@type":"WebPage","@id":"https:\/\/www.fondazionefrancescofabbri.it\/it\/2021\/04\/22\/comunicato-stampa-05-02-21-2-2-2-2\/","url":"https:\/\/www.fondazionefrancescofabbri.it\/it\/2021\/04\/22\/comunicato-stampa-05-02-21-2-2-2-2\/","name":"Comunicato stampa del 01.03.21 - Fondazione Francesco Fabbri","isPartOf":{"@id":"https:\/\/www.fondazionefrancescofabbri.it\/en\/#website"},"datePublished":"2021-04-22T14:33:28+00:00","dateModified":"2021-05-01T14:47:41+00:00","author":{"@id":"https:\/\/www.fondazionefrancescofabbri.it\/en\/#\/schema\/person\/674c3629d79d89f3c0974d34d33e6200"},"breadcrumb":{"@id":"https:\/\/www.fondazionefrancescofabbri.it\/it\/2021\/04\/22\/comunicato-stampa-05-02-21-2-2-2-2\/#breadcrumb"},"inLanguage":"it-IT","potentialAction":[{"@type":"ReadAction","target":["https:\/\/www.fondazionefrancescofabbri.it\/it\/2021\/04\/22\/comunicato-stampa-05-02-21-2-2-2-2\/"]}]},{"@type":"BreadcrumbList","@id":"https:\/\/www.fondazionefrancescofabbri.it\/it\/2021\/04\/22\/comunicato-stampa-05-02-21-2-2-2-2\/#breadcrumb","itemListElement":[{"@type":"ListItem","position":1,"name":"Home","item":"https:\/\/www.fondazionefrancescofabbri.it\/it\/"},{"@type":"ListItem","position":2,"name":"Comunicato stampa del 01.03.21"}]},{"@type":"WebSite","@id":"https:\/\/www.fondazionefrancescofabbri.it\/en\/#website","url":"https:\/\/www.fondazionefrancescofabbri.it\/en\/","name":"Fondazione Francesco Fabbri","description":"Just another WordPress site","potentialAction":[{"@type":"SearchAction","target":{"@type":"EntryPoint","urlTemplate":"https:\/\/www.fondazionefrancescofabbri.it\/en\/?s={search_term_string}"},"query-input":"required name=search_term_string"}],"inLanguage":"it-IT"},{"@type":"Person","@id":"https:\/\/www.fondazionefrancescofabbri.it\/en\/#\/schema\/person\/674c3629d79d89f3c0974d34d33e6200","name":"Fondazione Francesco Fabbri","image":{"@type":"ImageObject","inLanguage":"it-IT","@id":"https:\/\/www.fondazionefrancescofabbri.it\/en\/#\/schema\/person\/image\/","url":"https:\/\/secure.gravatar.com\/avatar\/ec2c804d96abd506edd38ca09d6a13e6?s=96&d=mm&r=g","contentUrl":"https:\/\/secure.gravatar.com\/avatar\/ec2c804d96abd506edd38ca09d6a13e6?s=96&d=mm&r=g","caption":"Fondazione Francesco Fabbri"},"url":"https:\/\/www.fondazionefrancescofabbri.it\/it\/author\/fondazione-francesco-fabbri\/"}]}},"_links":{"self":[{"href":"https:\/\/www.fondazionefrancescofabbri.it\/it\/wp-json\/wp\/v2\/posts\/2968"}],"collection":[{"href":"https:\/\/www.fondazionefrancescofabbri.it\/it\/wp-json\/wp\/v2\/posts"}],"about":[{"href":"https:\/\/www.fondazionefrancescofabbri.it\/it\/wp-json\/wp\/v2\/types\/post"}],"author":[{"embeddable":true,"href":"https:\/\/www.fondazionefrancescofabbri.it\/it\/wp-json\/wp\/v2\/users\/8"}],"replies":[{"embeddable":true,"href":"https:\/\/www.fondazionefrancescofabbri.it\/it\/wp-json\/wp\/v2\/comments?post=2968"}],"version-history":[{"count":1,"href":"https:\/\/www.fondazionefrancescofabbri.it\/it\/wp-json\/wp\/v2\/posts\/2968\/revisions"}],"predecessor-version":[{"id":2969,"href":"https:\/\/www.fondazionefrancescofabbri.it\/it\/wp-json\/wp\/v2\/posts\/2968\/revisions\/2969"}],"wp:attachment":[{"href":"https:\/\/www.fondazionefrancescofabbri.it\/it\/wp-json\/wp\/v2\/media?parent=2968"}],"wp:term":[{"taxonomy":"category","embeddable":true,"href":"https:\/\/www.fondazionefrancescofabbri.it\/it\/wp-json\/wp\/v2\/categories?post=2968"},{"taxonomy":"post_tag","embeddable":true,"href":"https:\/\/www.fondazionefrancescofabbri.it\/it\/wp-json\/wp\/v2\/tags?post=2968"}],"curies":[{"name":"wp","href":"https:\/\/api.w.org\/{rel}","templated":true}]}}