{"id":2970,"date":"2021-04-22T16:37:15","date_gmt":"2021-04-22T14:37:15","guid":{"rendered":"https:\/\/www.fondazionefrancescofabbri.it\/?p=2970"},"modified":"2021-05-01T16:46:18","modified_gmt":"2021-05-01T14:46:18","slug":"comunicato-stampa-05-02-21-2-2-2-2-2","status":"publish","type":"post","link":"https:\/\/www.fondazionefrancescofabbri.it\/it\/2021\/04\/22\/comunicato-stampa-05-02-21-2-2-2-2-2\/","title":{"rendered":"Comunicato stampa del 02.03.21"},"content":{"rendered":"<section class=\"wpb-content-wrapper\"><p>[vc_row][vc_column][vc_column_text]<\/p>\n<div class=\"page\" title=\"Page 1\">\n<div class=\"layoutArea\">\n<div class=\"column\">\n<div class=\"page\" title=\"Page 1\">\n<div class=\"layoutArea\">\n<div class=\"column\">\n<div class=\"m_2334639655181586460block-grid\">\n<div class=\"m_2334639655181586460col\">\n<div class=\"m_2334639655181586460col_cont\">\n<p><strong>LA MOSTRA DEL PREMIO FRANCESCO FABBRI \u00c8 STATA PROROGATA DI UNA SETTIMANA.<\/strong><\/p>\n<p><strong>FINISSAGE IL 5 MARZO, SAR\u00c0 PRESENTE IL CURATORE CARLO SALA.<\/strong><\/p>\n<div>\n<div class=\"m_-7816553114730821486block-grid\">\n<div>\n<div class=\"m_-7816553114730821486col\">\n<div class=\"m_-7816553114730821486col_cont\">\n<div>\n<div>\n<div><\/div>\n<\/div>\n<\/div>\n<\/div>\n<\/div>\n<\/div>\n<\/div>\n<\/div>\n<div>\n<div class=\"m_-7816553114730821486block-grid\">\n<div class=\"m_-7816553114730821486col\">\n<div class=\"m_-7816553114730821486col_cont\">\n<p>Ultimi giorni per visitare la mostra del Premio Francesco Fabbri per le Arti Contemporanee, l\u2019iniziativa curata da\u00a0<strong>Carlo Sala<\/strong>\u00a0e giunta alla nona edizione sar\u00e0 visitabile\u00a0<strong>fino al 5 marzo<\/strong>, data in cui si concluder\u00e0 l\u2019edizione con finissage.<\/p>\n<p>La mostra sar\u00e0 accessibile al pubblico in Villa Brandolini dal mercoled\u00ec al venerd\u00ec, dalle ore 16 alle ore 19.30;\u00a0<strong>venerd\u00ec 5 marzo<\/strong>\u00a0sar\u00e0 presente\u00a0<strong>il\u00a0curatore Carlo Sala<\/strong>\u00a0che guider\u00e0 i visitatori all\u2019interno del percorso espositivo.<\/p>\n<p>La mostra coinvolge\u00a0<strong>60 finalisti internazionali<\/strong>, divisi tra le due sezioni di Arte Emergente e Fotografia Contemporanea, selezionati da una giuria di prestigio che ha esaminato &#8211; edizione record &#8211; ben\u00a0<strong>1190 candidature<\/strong>.<\/p>\n<p>&nbsp;<\/p>\n<p><strong>Valentina Furian<\/strong>\u00a0(Dolo, 1989) si \u00e8 aggiudicata la sezione Arte Emergente del Premio Fabbri con l\u2019opera Drago, 2020. Sul solco della sua ricerca, che indaga il legame tra uomo e natura, l\u2019artista ha\u00a0proposto un\u2019installazione video a doppio canale popolato da fattezze animali dentro uno scenario\u00a0notturno e rarefatto. Nonostante il titolo sembri evocare la presenza di un essere fantastico dai tratti\u00a0mostruosi lo spettatore si ritrova dinnanzi a una narrazione fatta di gesti lievi, carichi di delicatezza,\u00a0pervasa da un silenzio ammantato di spiritualit\u00e0.<\/p>\n<p>A vincere nella sezione Fotografia Contemporanea \u00e8 stato\u00a0<strong>Paolo Ciregia<\/strong>\u00a0(Viareggio, 1987) con Stalin 2, 2019. Si tratta di un lavoro collegato al recente dibattito sul valore simbolico dei monumenti che, soprattutto negli Stati Uniti, ha portato alla rimozione di alcune sculture dal carattere divisivo. L\u2019artista ha collezionato vari busti che ritraggono alcuni tra i pi\u00f9 noti dittatori del XX secolo vedendo in questi i simulacri di un potere che vuole insinuarsi nella sfera domestica.<\/p>\n<\/div>\n<p>I vincitori assoluti delle due sezioni hanno ricevuto un premio acquisto di 5.000 euro l\u2019uno e vedranno le loro opere entrare nella collezione di Fondazione Fabbri; sono state annunciate inoltre le menzioni speciali che le giurie hanno voluto attribuire ad alcuni lavori particolarmente significativi, il riconoscimento \u00e8 andato a Federico Cantale, Martina Melilli, Silvia Bigi, Orecchie D\u2019Asino e Claudia Petraroli.<\/p>\n<p>&nbsp;<\/p>\n<p>E\u2019 stata un\u2019edizione particolare e non facile da realizzare dato il complesso momento storico che il mondo sta affrontando e che ha molto colpito il settore delle arti e della cultura, ma Fondazione Fabbri \u00e8 gi\u00e0 proiettata a celebrare, con la prossima edizione del Premio, i dieci anni di questo prestigioso concorso.<\/p>\n<\/div>\n<hr \/>\n<\/div>\n<div>\n<div class=\"m_1723178243039252811block-grid\">\n<div>\n<div class=\"m_1723178243039252811col\">\n<div class=\"m_1723178243039252811col_cont\">\n<div>\n<div>\n<div>\n<p><strong>Premio Francesco Fabbri per le Arti Contemporanee<\/strong><br \/>\na cura di Carlo Sala<br \/>\nVilla Brandolini, Solighetto di Pieve di Soligo (Treviso), Piazza Libert\u00e0 n\u00b07<br \/>\n<strong>Finissage 5 marzo<\/strong>, ore 17.30<br \/>\n17 febbraio \u2013 5 marzo 2021<\/p>\n<p>Il Premio \u00e8 promosso dalla Fondazione Francesco Fabbri in collaborazione con il Comune di Pieve<br \/>\ndi Soligo, con il patrocinio di Regione Veneto e Provincia di Treviso, e di Landscape Stories e TRA.<\/p>\n<p>Orari di apertura: mercoledi \u2013 giovedi \u2013 venerdi, 16.00 \u2013 19.30<\/p>\n<p>Ingresso libero.<\/p>\n<p>&nbsp;<\/p>\n<\/div>\n<\/div>\n<\/div>\n<\/div>\n<\/div>\n<\/div>\n<\/div>\n<\/div>\n<div>\n<div class=\"m_1723178243039252811block-grid\">\n<div>\n<div class=\"m_1723178243039252811col\">\n<div class=\"m_1723178243039252811col_cont\">\n<div>\n<div>\n<div>\n<p>Segui i nostri canali:<\/p>\n<p><a href=\"https:\/\/fondazionefrancescofabbrionlus.musvc2.net\/e\/t?q=6%3d5b7VBf%26n%3dT%26r%3dZ4%26H%3d8e9U%26y%3dFvMtQ_ttWx_54_vyUs_6D_ttWx_491Uy.BrQv4kPcF.gMo_KU1R_UjDqGh92BsLg_9v9p6iQeH_j9d5vG_ttWx_49_4e9cvyUs_7DjE_vyUs_7BkM%26h%3dKwLzA4.GiR%26kL%3d5hAY\" target=\"_blank\" rel=\"noopener\" data-saferedirecturl=\"https:\/\/www.google.com\/url?q=https:\/\/fondazionefrancescofabbrionlus.musvc2.net\/e\/t?q%3D6%253d5b7VBf%2526n%253dT%2526r%253dZ4%2526H%253d8e9U%2526y%253dFvMtQ_ttWx_54_vyUs_6D_ttWx_491Uy.BrQv4kPcF.gMo_KU1R_UjDqGh92BsLg_9v9p6iQeH_j9d5vG_ttWx_49_4e9cvyUs_7DjE_vyUs_7BkM%2526h%253dKwLzA4.GiR%2526kL%253d5hAY&amp;source=gmail&amp;ust=1619187590826000&amp;usg=AFQjCNH_GKmQqKSUUWTNmm150lNtIBbPng\">instagram\u00a0<\/a><\/p>\n<p><a href=\"https:\/\/fondazionefrancescofabbrionlus.musvc2.net\/e\/t?q=7%3dJWRWQa%269%3dU%267%3dUO%26I%3dMZTV%26D%3dAGN9L_Euls_P5_Atpt_K9_Euls_O0FPJ.0t6268H8.78F_Euls_O0YHA8tS6I78cLtGz9B6Bjt5yL2%267%3d0OBOzV.785t4xG%26CB%3dTWcO\" target=\"_blank\" rel=\"noopener\" data-saferedirecturl=\"https:\/\/www.google.com\/url?q=https:\/\/fondazionefrancescofabbrionlus.musvc2.net\/e\/t?q%3D7%253dJWRWQa%25269%253dU%25267%253dUO%2526I%253dMZTV%2526D%253dAGN9L_Euls_P5_Atpt_K9_Euls_O0FPJ.0t6268H8.78F_Euls_O0YHA8tS6I78cLtGz9B6Bjt5yL2%25267%253d0OBOzV.785t4xG%2526CB%253dTWcO&amp;source=gmail&amp;ust=1619187590826000&amp;usg=AFQjCNEoU7yb1AqWpFifVvNfYmQseskMEg\">facebook<\/a><\/p>\n<p><a href=\"https:\/\/fondazionefrancescofabbrionlus.musvc2.net\/e\/t?q=6%3d1aIV8e%26z%3dT%26n%3dYF%26H%3d4dKU%26u%3dE8MpP_6tSw_G4_rxgs_2C_6tSw_F9wTA.LpOs4kB6.6oJ_6tSw_F9sE3P_rxgs_2CtHtLuKaCw4-t8zDs%26A%3d1NsSqU4a8o.nB8%26Bs%3dXNb6\" target=\"_blank\" rel=\"noopener\" data-saferedirecturl=\"https:\/\/www.google.com\/url?q=https:\/\/fondazionefrancescofabbrionlus.musvc2.net\/e\/t?q%3D6%253d1aIV8e%2526z%253dT%2526n%253dYF%2526H%253d4dKU%2526u%253dE8MpP_6tSw_G4_rxgs_2C_6tSw_F9wTA.LpOs4kB6.6oJ_6tSw_F9sE3P_rxgs_2CtHtLuKaCw4-t8zDs%2526A%253d1NsSqU4a8o.nB8%2526Bs%253dXNb6&amp;source=gmail&amp;ust=1619187590827000&amp;usg=AFQjCNGq6NjV4c0j_PThz2KLn8ACaxbAvg\">spreaker<\/a><\/p>\n<p><a href=\"https:\/\/fondazionefrancescofabbrionlus.musvc2.net\/e\/t?q=6%3dCYMVJc%264%3dT%26z%3dWJ%26H%3dFbOU%267%3dCBM2N_0teu_K4_4vks_DA_0teu_J99RE.R1PBNn0.uHy_Mivb_Wx6t66GqG_0teu_J9gh96w_EosQ2Z9NzFSMsxR_e4m6sf_0teu_K98DwP_mN_0teu_K75PtLoM15qM%26v%3dF7ND6D.IwM%26uN%3dIcKa\" target=\"_blank\" rel=\"noopener\" data-saferedirecturl=\"https:\/\/www.google.com\/url?q=https:\/\/fondazionefrancescofabbrionlus.musvc2.net\/e\/t?q%3D6%253dCYMVJc%25264%253dT%2526z%253dWJ%2526H%253dFbOU%25267%253dCBM2N_0teu_K4_4vks_DA_0teu_J99RE.R1PBNn0.uHy_Mivb_Wx6t66GqG_0teu_J9gh96w_EosQ2Z9NzFSMsxR_e4m6sf_0teu_K98DwP_mN_0teu_K75PtLoM15qM%2526v%253dF7ND6D.IwM%2526uN%253dIcKa&amp;source=gmail&amp;ust=1619187590827000&amp;usg=AFQjCNG81JkWuRRxynpSPviys8OZKK6X8g\">youtube<\/a><\/p>\n<\/div>\n<\/div>\n<\/div>\n<\/div>\n<\/div>\n<\/div>\n<\/div>\n<\/div>\n<\/div>\n<\/div>\n<\/div>\n<\/div>\n<\/div>\n<\/div>\n<\/div>\n<\/div>\n<\/div>\n<\/div>\n<p>[\/vc_column_text][\/vc_column][\/vc_row]<\/p>\n<\/section>","protected":false},"excerpt":{"rendered":"<p>Fondazione Francesco Fabbri Onlus \u00e8 lieta di annunciare l&#8217;apertura per il 17 febbraio dell\u2019esposizione collettiva dei finalisti al Premio Francesco Fabbri per le Arti Contemporanee.<\/p>\n","protected":false},"author":8,"featured_media":2939,"comment_status":"open","ping_status":"open","sticky":false,"template":"","format":"standard","meta":[],"categories":[45,3,23,6,22],"tags":[],"acf":[],"yoast_head":"<!-- This site is optimized with the Yoast SEO plugin v20.8 - https:\/\/yoast.com\/wordpress\/plugins\/seo\/ -->\n<title>Comunicato stampa del 02.03.21 - Fondazione Francesco Fabbri<\/title>\n<meta name=\"robots\" content=\"index, follow, max-snippet:-1, max-image-preview:large, max-video-preview:-1\" \/>\n<link rel=\"canonical\" href=\"https:\/\/www.fondazionefrancescofabbri.it\/it\/2021\/04\/22\/comunicato-stampa-05-02-21-2-2-2-2-2\/\" \/>\n<meta property=\"og:locale\" content=\"it_IT\" \/>\n<meta property=\"og:type\" content=\"article\" \/>\n<meta property=\"og:title\" content=\"Comunicato stampa del 02.03.21 - Fondazione Francesco Fabbri\" \/>\n<meta property=\"og:description\" content=\"Fondazione Francesco Fabbri Onlus \u00e8 lieta di annunciare l&#039;apertura per il 17 febbraio dell\u2019esposizione collettiva dei finalisti al Premio Francesco Fabbri per le Arti Contemporanee.\" \/>\n<meta property=\"og:url\" content=\"https:\/\/www.fondazionefrancescofabbri.it\/it\/2021\/04\/22\/comunicato-stampa-05-02-21-2-2-2-2-2\/\" \/>\n<meta property=\"og:site_name\" content=\"Fondazione Francesco Fabbri\" \/>\n<meta property=\"article:published_time\" content=\"2021-04-22T14:37:15+00:00\" \/>\n<meta property=\"article:modified_time\" content=\"2021-05-01T14:46:18+00:00\" \/>\n<meta property=\"og:image\" content=\"https:\/\/www.fondazionefrancescofabbri.it\/wp-content\/uploads\/2021\/02\/PETRAROLI-scaled.jpg\" \/>\n\t<meta property=\"og:image:width\" content=\"1707\" \/>\n\t<meta property=\"og:image:height\" content=\"2560\" \/>\n\t<meta property=\"og:image:type\" content=\"image\/jpeg\" \/>\n<meta name=\"author\" content=\"Fondazione Francesco Fabbri\" \/>\n<meta name=\"twitter:card\" content=\"summary_large_image\" \/>\n<meta name=\"twitter:label1\" content=\"Scritto da\" \/>\n\t<meta name=\"twitter:data1\" content=\"Fondazione Francesco Fabbri\" \/>\n\t<meta name=\"twitter:label2\" content=\"Tempo di lettura stimato\" \/>\n\t<meta name=\"twitter:data2\" content=\"3 minuti\" \/>\n<script type=\"application\/ld+json\" class=\"yoast-schema-graph\">{\"@context\":\"https:\/\/schema.org\",\"@graph\":[{\"@type\":\"WebPage\",\"@id\":\"https:\/\/www.fondazionefrancescofabbri.it\/it\/2021\/04\/22\/comunicato-stampa-05-02-21-2-2-2-2-2\/\",\"url\":\"https:\/\/www.fondazionefrancescofabbri.it\/it\/2021\/04\/22\/comunicato-stampa-05-02-21-2-2-2-2-2\/\",\"name\":\"Comunicato stampa del 02.03.21 - Fondazione Francesco Fabbri\",\"isPartOf\":{\"@id\":\"https:\/\/www.fondazionefrancescofabbri.it\/en\/#website\"},\"datePublished\":\"2021-04-22T14:37:15+00:00\",\"dateModified\":\"2021-05-01T14:46:18+00:00\",\"author\":{\"@id\":\"https:\/\/www.fondazionefrancescofabbri.it\/en\/#\/schema\/person\/674c3629d79d89f3c0974d34d33e6200\"},\"breadcrumb\":{\"@id\":\"https:\/\/www.fondazionefrancescofabbri.it\/it\/2021\/04\/22\/comunicato-stampa-05-02-21-2-2-2-2-2\/#breadcrumb\"},\"inLanguage\":\"it-IT\",\"potentialAction\":[{\"@type\":\"ReadAction\",\"target\":[\"https:\/\/www.fondazionefrancescofabbri.it\/it\/2021\/04\/22\/comunicato-stampa-05-02-21-2-2-2-2-2\/\"]}]},{\"@type\":\"BreadcrumbList\",\"@id\":\"https:\/\/www.fondazionefrancescofabbri.it\/it\/2021\/04\/22\/comunicato-stampa-05-02-21-2-2-2-2-2\/#breadcrumb\",\"itemListElement\":[{\"@type\":\"ListItem\",\"position\":1,\"name\":\"Home\",\"item\":\"https:\/\/www.fondazionefrancescofabbri.it\/it\/\"},{\"@type\":\"ListItem\",\"position\":2,\"name\":\"Comunicato stampa del 02.03.21\"}]},{\"@type\":\"WebSite\",\"@id\":\"https:\/\/www.fondazionefrancescofabbri.it\/en\/#website\",\"url\":\"https:\/\/www.fondazionefrancescofabbri.it\/en\/\",\"name\":\"Fondazione Francesco Fabbri\",\"description\":\"Just another WordPress site\",\"potentialAction\":[{\"@type\":\"SearchAction\",\"target\":{\"@type\":\"EntryPoint\",\"urlTemplate\":\"https:\/\/www.fondazionefrancescofabbri.it\/en\/?s={search_term_string}\"},\"query-input\":\"required name=search_term_string\"}],\"inLanguage\":\"it-IT\"},{\"@type\":\"Person\",\"@id\":\"https:\/\/www.fondazionefrancescofabbri.it\/en\/#\/schema\/person\/674c3629d79d89f3c0974d34d33e6200\",\"name\":\"Fondazione Francesco Fabbri\",\"image\":{\"@type\":\"ImageObject\",\"inLanguage\":\"it-IT\",\"@id\":\"https:\/\/www.fondazionefrancescofabbri.it\/en\/#\/schema\/person\/image\/\",\"url\":\"https:\/\/secure.gravatar.com\/avatar\/ec2c804d96abd506edd38ca09d6a13e6?s=96&d=mm&r=g\",\"contentUrl\":\"https:\/\/secure.gravatar.com\/avatar\/ec2c804d96abd506edd38ca09d6a13e6?s=96&d=mm&r=g\",\"caption\":\"Fondazione Francesco Fabbri\"},\"url\":\"https:\/\/www.fondazionefrancescofabbri.it\/it\/author\/fondazione-francesco-fabbri\/\"}]}<\/script>\n<!-- \/ Yoast SEO plugin. -->","yoast_head_json":{"title":"Comunicato stampa del 02.03.21 - Fondazione Francesco Fabbri","robots":{"index":"index","follow":"follow","max-snippet":"max-snippet:-1","max-image-preview":"max-image-preview:large","max-video-preview":"max-video-preview:-1"},"canonical":"https:\/\/www.fondazionefrancescofabbri.it\/it\/2021\/04\/22\/comunicato-stampa-05-02-21-2-2-2-2-2\/","og_locale":"it_IT","og_type":"article","og_title":"Comunicato stampa del 02.03.21 - Fondazione Francesco Fabbri","og_description":"Fondazione Francesco Fabbri Onlus \u00e8 lieta di annunciare l'apertura per il 17 febbraio dell\u2019esposizione collettiva dei finalisti al Premio Francesco Fabbri per le Arti Contemporanee.","og_url":"https:\/\/www.fondazionefrancescofabbri.it\/it\/2021\/04\/22\/comunicato-stampa-05-02-21-2-2-2-2-2\/","og_site_name":"Fondazione Francesco Fabbri","article_published_time":"2021-04-22T14:37:15+00:00","article_modified_time":"2021-05-01T14:46:18+00:00","og_image":[{"width":1707,"height":2560,"url":"https:\/\/www.fondazionefrancescofabbri.it\/wp-content\/uploads\/2021\/02\/PETRAROLI-scaled.jpg","type":"image\/jpeg"}],"author":"Fondazione Francesco Fabbri","twitter_card":"summary_large_image","twitter_misc":{"Scritto da":"Fondazione Francesco Fabbri","Tempo di lettura stimato":"3 minuti"},"schema":{"@context":"https:\/\/schema.org","@graph":[{"@type":"WebPage","@id":"https:\/\/www.fondazionefrancescofabbri.it\/it\/2021\/04\/22\/comunicato-stampa-05-02-21-2-2-2-2-2\/","url":"https:\/\/www.fondazionefrancescofabbri.it\/it\/2021\/04\/22\/comunicato-stampa-05-02-21-2-2-2-2-2\/","name":"Comunicato stampa del 02.03.21 - Fondazione Francesco Fabbri","isPartOf":{"@id":"https:\/\/www.fondazionefrancescofabbri.it\/en\/#website"},"datePublished":"2021-04-22T14:37:15+00:00","dateModified":"2021-05-01T14:46:18+00:00","author":{"@id":"https:\/\/www.fondazionefrancescofabbri.it\/en\/#\/schema\/person\/674c3629d79d89f3c0974d34d33e6200"},"breadcrumb":{"@id":"https:\/\/www.fondazionefrancescofabbri.it\/it\/2021\/04\/22\/comunicato-stampa-05-02-21-2-2-2-2-2\/#breadcrumb"},"inLanguage":"it-IT","potentialAction":[{"@type":"ReadAction","target":["https:\/\/www.fondazionefrancescofabbri.it\/it\/2021\/04\/22\/comunicato-stampa-05-02-21-2-2-2-2-2\/"]}]},{"@type":"BreadcrumbList","@id":"https:\/\/www.fondazionefrancescofabbri.it\/it\/2021\/04\/22\/comunicato-stampa-05-02-21-2-2-2-2-2\/#breadcrumb","itemListElement":[{"@type":"ListItem","position":1,"name":"Home","item":"https:\/\/www.fondazionefrancescofabbri.it\/it\/"},{"@type":"ListItem","position":2,"name":"Comunicato stampa del 02.03.21"}]},{"@type":"WebSite","@id":"https:\/\/www.fondazionefrancescofabbri.it\/en\/#website","url":"https:\/\/www.fondazionefrancescofabbri.it\/en\/","name":"Fondazione Francesco Fabbri","description":"Just another WordPress site","potentialAction":[{"@type":"SearchAction","target":{"@type":"EntryPoint","urlTemplate":"https:\/\/www.fondazionefrancescofabbri.it\/en\/?s={search_term_string}"},"query-input":"required name=search_term_string"}],"inLanguage":"it-IT"},{"@type":"Person","@id":"https:\/\/www.fondazionefrancescofabbri.it\/en\/#\/schema\/person\/674c3629d79d89f3c0974d34d33e6200","name":"Fondazione Francesco Fabbri","image":{"@type":"ImageObject","inLanguage":"it-IT","@id":"https:\/\/www.fondazionefrancescofabbri.it\/en\/#\/schema\/person\/image\/","url":"https:\/\/secure.gravatar.com\/avatar\/ec2c804d96abd506edd38ca09d6a13e6?s=96&d=mm&r=g","contentUrl":"https:\/\/secure.gravatar.com\/avatar\/ec2c804d96abd506edd38ca09d6a13e6?s=96&d=mm&r=g","caption":"Fondazione Francesco Fabbri"},"url":"https:\/\/www.fondazionefrancescofabbri.it\/it\/author\/fondazione-francesco-fabbri\/"}]}},"_links":{"self":[{"href":"https:\/\/www.fondazionefrancescofabbri.it\/it\/wp-json\/wp\/v2\/posts\/2970"}],"collection":[{"href":"https:\/\/www.fondazionefrancescofabbri.it\/it\/wp-json\/wp\/v2\/posts"}],"about":[{"href":"https:\/\/www.fondazionefrancescofabbri.it\/it\/wp-json\/wp\/v2\/types\/post"}],"author":[{"embeddable":true,"href":"https:\/\/www.fondazionefrancescofabbri.it\/it\/wp-json\/wp\/v2\/users\/8"}],"replies":[{"embeddable":true,"href":"https:\/\/www.fondazionefrancescofabbri.it\/it\/wp-json\/wp\/v2\/comments?post=2970"}],"version-history":[{"count":1,"href":"https:\/\/www.fondazionefrancescofabbri.it\/it\/wp-json\/wp\/v2\/posts\/2970\/revisions"}],"predecessor-version":[{"id":2971,"href":"https:\/\/www.fondazionefrancescofabbri.it\/it\/wp-json\/wp\/v2\/posts\/2970\/revisions\/2971"}],"wp:featuredmedia":[{"embeddable":true,"href":"https:\/\/www.fondazionefrancescofabbri.it\/it\/wp-json\/wp\/v2\/media\/2939"}],"wp:attachment":[{"href":"https:\/\/www.fondazionefrancescofabbri.it\/it\/wp-json\/wp\/v2\/media?parent=2970"}],"wp:term":[{"taxonomy":"category","embeddable":true,"href":"https:\/\/www.fondazionefrancescofabbri.it\/it\/wp-json\/wp\/v2\/categories?post=2970"},{"taxonomy":"post_tag","embeddable":true,"href":"https:\/\/www.fondazionefrancescofabbri.it\/it\/wp-json\/wp\/v2\/tags?post=2970"}],"curies":[{"name":"wp","href":"https:\/\/api.w.org\/{rel}","templated":true}]}}