{"id":2975,"date":"2021-04-28T15:37:18","date_gmt":"2021-04-28T13:37:18","guid":{"rendered":"https:\/\/www.fondazionefrancescofabbri.it\/?p=2975"},"modified":"2021-04-28T15:37:18","modified_gmt":"2021-04-28T13:37:18","slug":"comunicato-stampa-28-04-21","status":"publish","type":"post","link":"https:\/\/www.fondazionefrancescofabbri.it\/it\/2021\/04\/28\/comunicato-stampa-28-04-21\/","title":{"rendered":"Comunicato stampa del 28.04.21"},"content":{"rendered":"<section class=\"wpb-content-wrapper\"><p>[vc_row][vc_column][vc_column_text]<\/p>\n<div class=\"page\" title=\"Page 1\">\n<div class=\"layoutArea\">\n<div class=\"column\">\n<div class=\"page\" title=\"Page 1\">\n<div class=\"layoutArea\">\n<div class=\"column\">\n<div class=\"m_2334639655181586460block-grid\">\n<div class=\"m_2334639655181586460col\">\n<div class=\"m_2334639655181586460col_cont\">\n<p style=\"text-align: center;\"><strong>ANTONIO BELLUCCI. DANAE \u2022 <\/strong><strong>DANAE REVISITED <\/strong><\/p>\n<p>&nbsp;<\/p>\n<p style=\"text-align: center;\">Villa Brandolini, Pieve di Soligo (TV)<\/p>\n<p style=\"text-align: center;\">6 maggio &#8211; 25 giugno 2021<\/p>\n<p>&nbsp;<\/p>\n<p><strong>&#8220;Una mostra attorno al mito di Danae che mette in dialogo il dipinto rococ\u00f2 del grande artista Antonio Bellucci\u00a0 con diciannove pittori contemporanei&#8221;<\/strong><\/p>\n<p>&nbsp;<\/p>\n<div>\n<div class=\"m_-7816553114730821486block-grid\">\n<div class=\"m_-7816553114730821486col\">\n<div class=\"m_-7816553114730821486col_cont\">\n<p><a href=\"https:\/\/www.fondazionefrancescofabbri.it\/wp-content\/uploads\/2021\/04\/danae_banner_home_page_A.jpg\"><img decoding=\"async\" loading=\"lazy\" class=\"aligncenter wp-image-2978 size-large\" src=\"https:\/\/www.fondazionefrancescofabbri.it\/wp-content\/uploads\/2021\/04\/danae_banner_home_page_A-1024x652.jpg\" alt=\"\" width=\"1024\" height=\"652\" \/><\/a><\/p>\n<p>&nbsp;<\/p>\n<p>Il <strong>6 maggio <\/strong>dalle 16.00 alle 19.00 <strong>Villa Brandolini <\/strong>a <strong>Pieve di Soligo <\/strong>(TV) inaugura l&#8217;esposizione attorno al <strong>mito di Danae <\/strong>che mette in dialogo un dipinto del grande artista rococ\u00f2 <strong>Antonio Bellucci <\/strong>(1654 &#8211; 1726) con diciannove <strong>pittori contemporanei<\/strong>. La mostra, con la curatela di <strong>Carlo Sala<\/strong>, \u00e8 promossa dalla Fondazione Francesco Fabbri Onlus in collaborazione con il comune di Pieve di Soligo.<\/p>\n<p>&nbsp;<\/p>\n<p>Il progetto espositivo si snoda a partire da un&#8217;opera acquisita di recente da Fondazione Fabbri, la <strong><em>Danae <\/em><\/strong>di <strong>Antonio Bellucci<\/strong>, pittore veneziano che fu tra i protagonisti dell\u2019arte europea tra Seicento e Settecento e che si spense a Soligo nel 1726. L&#8217;autore, dopo una serie di importanti commissioni a Venezia, lavor\u00f2 presso varie corti del continente: nel 1709 \u00e8 chiamato a Vienna dove opera per l&#8217;imperatore Giuseppe I e per il suo successore Carlo VI e dal 1716 \u00e8 a Londra dove \u00e8 ancora visibile il grandioso soffitto a motivi allegorici che realizza a Buckingham Palace.<\/p>\n<p>&nbsp;<\/p>\n<p>Il dipinto di Bellucci esposto in mostra narra le vicende dell&#8217;eroina della mitologia greca rinchiusa in una torre dal padre Acrisio, re di Argo, a cui l&#8217;oracolo di Delfi aveva predetto che sarebbe morto per mano della discendenza di sua figlia. La tela, rifacendosi ad una lunga tradizione iconografica, mostra il momento in cui il dio Zeus feconda la giovane sotto forma di pioggia dorata, rendendola madre di Perseo. La declinazione del mito operata da Bellucci \u00e8 chiaramente di matrice tizianesca assecondando la moda di allora per la pittura veneta del Cinquecento, con\u00a0l\u2019aggiunta di alcuni elementi decorativi (come gli eleganti dettagli floreali) sintomatici del gusto del suo tempo. <strong><em>Danae Revisited <\/em><\/strong>mette in relazione il dipinto storico con le opere di diciannove tra i pi\u00f9 interessanti pittori di ricerca operanti in Italia, per rinnovare visivamente e concettualmente il mito. Gli artisti in mostra sono <strong>Paola Angelini, Thomas Braida, Chiara Calore, Neboj\u0161a Despotovi\u0107, Luca De Angelis, Zehra Do\u011fan, Barbara De Vivi, Christian Fogarolli, Alessandro Fogo, Matteo Fato, Oscar Giaconia, Giuseppe Gonella, Iva Lulashi, Luisa M\u00e8, Giulio Saverio Rossi, Nicola Samor\u00ec, Davide Serpetti, Marta Spagnoli <\/strong>e <strong>Shafei Xia.<\/strong><\/p>\n<p>&nbsp;<\/p>\n<p>Questi autori si sono interrogati sul senso profondo di rivisitare al giorno d&#8217;oggi un mito come quello di Danae, giungendo ad approcci molto diversi. Alcuni pittori hanno voluto mantenere dei richiami all&#8217;iconografia classica, mentre altri hanno utilizzato Danae come un pretesto visivo per esprimere una serie di riflessioni e istanze sul tempo presente. La mostra appare cos\u00ec una polifonia di visioni pittoriche contemporanee che spaziano dai richiami alla\u00a0 tradizione attraverso la citazione a una narrazione imperniata sull&#8217;immaginario presente, da visioni figurali fortemente\u00a0 espressive alla smaterializzazione astratta della scena, da immagini che si legano strettamente al reale a composizioni\u00a0 allegoriche, da visioni cupe, grottesche e cariche di tensione a dipinti dove troneggia l&#8217;ironia fino a opere dove la\u00a0 pittura diviene espansa nello spazio.<\/p>\n<p>&nbsp;<\/p>\n<p>La mostra vuole porre un nuovo tassello a una tradizione iconografia che oggi appare quanto mai attuale perch\u00e9 nei secoli \u00e8 stata portatrice di una pluralit\u00e0 di accezioni della figura femminile, da emblema di castit\u00e0 a oggetto del\u00a0 desiderio sessuale, apparendo cos\u00ec una \u2018cartina tornasole\u2019 della forma mentis nei confronti del ruolo della donna nella\u00a0 societ\u00e0.<\/p>\n<p>In occasione della mostra uscir\u00e0 <em>Danae. Bagliori del mito <\/em>un numero di Engramma (la rivista del Centro studi ClassicA dell&#8217;Universit\u00e0 IUAV di Venezia) dedicato alla figura di Danae con contributi di importanti studiosi di vari ambiti disciplinari.<\/p>\n<p>&nbsp;<\/p>\n<p>La mostra rimarr\u00e0 aperta a Villa Brandolini a Pieve di Soligo fino al 25 giugno 2021, dal mercoled\u00ec al venerd\u00ec dalle 16.00 alle 19.30. Le aperture straordinarie del sabato e della domenica verranno comunicate durante la mostra e saranno su prenotazione.<\/p>\n<p>&nbsp;<\/p>\n<p style=\"text-align: center;\"><em>INFORMAZIONI: <\/em><\/p>\n<p style=\"text-align: center;\"><strong>ANTONIO BELLUCCI. DANAE <\/strong><\/p>\n<p style=\"text-align: center;\"><strong>DANAE REVISITED <\/strong><\/p>\n<p style=\"text-align: center;\">a cura di Carlo Sala<\/p>\n<p style=\"text-align: center;\">Villa Brandolini, Pieve di Soligo (TV)<\/p>\n<p style=\"text-align: center;\">6 maggio &#8211; 25 giugno 2021<\/p>\n<p style=\"text-align: center;\"><u>vernissage: gioved\u00ec 6 maggio dalle 16.00 alle 19.00<\/u><\/p>\n<\/div>\n<p>&nbsp;<\/p>\n<div class=\"m_-7816553114730821486col_cont\">\n<p><strong>Villa Brandolini, Pieve di Soligo (TV) <\/strong><\/p>\n<p>Piazza Libert\u00e0, 7 &#8211; localit\u00e0 Solighetto<\/p>\n<p>Orari di apertura: mercoled\u00ec-venerd\u00ec 16.00-19.30<\/p>\n<p>Le aperture straordinarie del sabato e della domenica verranno comunicate durante la mostra e saranno su prenotazione.<\/p>\n<p>Ingresso libero<\/p>\n<p>Evento promosso da Fondazione Francesco Fabbri e la Citt\u00e0 di Pieve di Soligo.<\/p>\n<p><strong>Info mostra: segreteria@fondazionefrancescofabbri.it &#8211; <u>www.fondazionefrancescofabbri.it<\/u><\/strong><\/p>\n<p>&nbsp;<\/p>\n<p>Elenco autori contemporanei:<\/p>\n<p><strong>Paola Angelini <\/strong>(San Benedetto del Tronto, 1983)<\/p>\n<p><strong>Thomas Braida <\/strong>(Gorizia, 1982)<\/p>\n<p><strong>Chiara Calore <\/strong>(Abano Terme, 1994)<\/p>\n<p><strong>Neboj\u0161a Despotovi\u0107 <\/strong>(Belgrado, 1982)<\/p>\n<p><strong>Luca De Angelis <\/strong>(San Benedetto del Tronto, 1980)<\/p>\n<p><strong>Zehra Do\u011fan (<\/strong>Diyarbak\u0131r,1989)<\/p>\n<p><strong>Barbara De Vivi <\/strong>(Venezia, 1992)<\/p>\n<p><strong>Christian Fogarolli <\/strong>(Trento, 1983)<\/p>\n<p><strong>Alessandro Fogo <\/strong>(Thiene, 1992)<\/p>\n<p><strong>Matteo Fato <\/strong>(Pescara, 1979)<\/p>\n<p><strong>Oscar Giaconia <\/strong>(Milano, 1978)<\/p>\n<p><strong>Giuseppe Gonella <\/strong>(Motta di Livenza, 1984)<\/p>\n<p><strong>Iva Lulashi <\/strong>(Tirana, 1988)<\/p>\n<p><strong>Luisa M\u00e8 <\/strong>&#8211; Luca Colangiacomo (Milano, 1990), Francesco Pasquini (Pesaro, 1991) <strong>Giulio Saverio Ross<\/strong>i (Massa, 1988)<\/p>\n<p><strong>Nicola Samor\u00ec <\/strong>(Forl\u00ec, 1977)<\/p>\n<p><strong>Davide Serpetti <\/strong>(L\u2019Aquila, 1990)<\/p>\n<p><strong>Marta Spagnoli <\/strong>(Verona, 1994)<\/p>\n<p><strong>Shafei Xia <\/strong>(Shao Xing, 1989)<\/p>\n<p>&nbsp;<\/p>\n<\/div>\n<\/div>\n<hr \/>\n<\/div>\n<p>Segui i nostri canali:<\/p>\n<p><a href=\"https:\/\/fondazionefrancescofabbrionlus.musvc2.net\/e\/t?q=A%3d7W8aDa%26o%3dY%26t%3dU6%26M%3d0Z0Z%261%3dAwRvL_uyYs_69_xtVx_89_uyYs_5D3Pz.GtLw9mKdK.iHp_PWvS_Zl9rLj43GuGh_Dx4qAkLfM_l4e0xB_uyYs_5D_9g4dxtVx_99kJ_xtVx_97lR%26j%3dFxQ265.LkM%26lQ%3d7cBf\" target=\"_blank\" rel=\"noopener\" data-saferedirecturl=\"https:\/\/www.google.com\/url?q=https:\/\/fondazionefrancescofabbrionlus.musvc2.net\/e\/t?q%3DA%253d7W8aDa%2526o%253dY%2526t%253dU6%2526M%253d0Z0Z%25261%253dAwRvL_uyYs_69_xtVx_89_uyYs_5D3Pz.GtLw9mKdK.iHp_PWvS_Zl9rLj43GuGh_Dx4qAkLfM_l4e0xB_uyYs_5D_9g4dxtVx_99kJ_xtVx_97lR%2526j%253dFxQ265.LkM%2526lQ%253d7cBf&amp;source=gmail&amp;ust=1619187590791000&amp;usg=AFQjCNFMCB691hkT0s2Fruxe69uVt4MQTQ\">instagram\u00a0<\/a><\/p>\n<p><a href=\"https:\/\/fondazionefrancescofabbrionlus.musvc2.net\/e\/t?q=9%3dObKYVf%262%3dW%26B%3dZI%26K%3dReMX%26I%3dF0PDQ_8wqx_I7_Fyiv_PD_8wqx_HBKUC.ByAu8CM1.9CK_8wqx_HBdM40yXyKBCVNyLsAGA5ly0rN7%26B%3d3QGTsX.BC7y9q0%26EG%3dYPeV\" target=\"_blank\" rel=\"noopener\" data-saferedirecturl=\"https:\/\/www.google.com\/url?q=https:\/\/fondazionefrancescofabbrionlus.musvc2.net\/e\/t?q%3D9%253dObKYVf%25262%253dW%2526B%253dZI%2526K%253dReMX%2526I%253dF0PDQ_8wqx_I7_Fyiv_PD_8wqx_HBKUC.ByAu8CM1.9CK_8wqx_HBdM40yXyKBCVNyLsAGA5ly0rN7%2526B%253d3QGTsX.BC7y9q0%2526EG%253dYPeV&amp;source=gmail&amp;ust=1619187590791000&amp;usg=AFQjCNGPp-mXApeJVm8SNoLG2XKn8MLf8g\">facebook<\/a><\/p>\n<p><a href=\"https:\/\/fondazionefrancescofabbrionlus.musvc2.net\/e\/t?q=6%3d6UFVCY%26w%3dT%26s%3dSD%26H%3d9XHU%26z%3d95MuJ_3tXq_D4_wrds_77_3tXq_C92N8.LuIp4p63.6tD_3tXq_C9x9zP_wrds_77qHyFrKf7t4-y2wDx%265%3dxNxMnU4f2l.s65%26Bx%3dRKbC\" target=\"_blank\" rel=\"noopener\" data-saferedirecturl=\"https:\/\/www.google.com\/url?q=https:\/\/fondazionefrancescofabbrionlus.musvc2.net\/e\/t?q%3D6%253d6UFVCY%2526w%253dT%2526s%253dSD%2526H%253d9XHU%2526z%253d95MuJ_3tXq_D4_wrds_77_3tXq_C92N8.LuIp4p63.6tD_3tXq_C9x9zP_wrds_77qHyFrKf7t4-y2wDx%25265%253dxNxMnU4f2l.s65%2526Bx%253dRKbC&amp;source=gmail&amp;ust=1619187590791000&amp;usg=AFQjCNFP4t5682gkzDcvD4A8jACo1EeOpg\">spreaker<\/a><\/p>\n<p><a href=\"https:\/\/fondazionefrancescofabbrionlus.musvc2.net\/e\/t?q=0%3dJT6ZQX%26m%3dX%267%3dR4%26L%3dMW8Y%26D%3d8uQ9I_sxlp_48_AqTw_K6_sxlp_3CFMx.V8KuRu5.dL6_HRzi_Rg011oKxB_sxlp_3Cncr04_0XwXwICUuyWTngV_l8t1ba_sxlp_4CE9fT_tI_sxlp_4ABKcPvHj9xH%26e%3dJDIw0K.DfQ%262I%3d2gRX\" target=\"_blank\" rel=\"noopener\" data-saferedirecturl=\"https:\/\/www.google.com\/url?q=https:\/\/fondazionefrancescofabbrionlus.musvc2.net\/e\/t?q%3D0%253dJT6ZQX%2526m%253dX%25267%253dR4%2526L%253dMW8Y%2526D%253d8uQ9I_sxlp_48_AqTw_K6_sxlp_3CFMx.V8KuRu5.dL6_HRzi_Rg011oKxB_sxlp_3Cncr04_0XwXwICUuyWTngV_l8t1ba_sxlp_4CE9fT_tI_sxlp_4ABKcPvHj9xH%2526e%253dJDIw0K.DfQ%25262I%253d2gRX&amp;source=gmail&amp;ust=1619187590791000&amp;usg=AFQjCNG-yR50to0U6RWVuet_xoOh7Vjgfw\">youtube<\/a><\/p>\n<div>\n<div class=\"m_1723178243039252811block-grid\">\n<div>\n<div class=\"m_1723178243039252811col\">\n<div class=\"m_1723178243039252811col_cont\">\n<div>\n<div>\n<div><\/div>\n<\/div>\n<\/div>\n<\/div>\n<\/div>\n<\/div>\n<\/div>\n<\/div>\n<\/div>\n<\/div>\n<\/div>\n<\/div>\n<\/div>\n<\/div>\n<\/div>\n<\/div>\n<\/div>\n<\/div>\n<p>[\/vc_column_text][\/vc_column][\/vc_row]<\/p>\n<\/section>","protected":false},"excerpt":{"rendered":"<p>Il 6 maggio dalle 16.00 alle 19.00 Villa Brandolini a Pieve di Soligo (TV) inaugura l&#8217;esposizione attorno al mito di Danae che mette in dialogo un dipinto del grande artista rococ\u00f2 Antonio Bellucci (1654 &#8211; 1726) con diciannove pittori contemporanei. <\/p>\n","protected":false},"author":8,"featured_media":2949,"comment_status":"open","ping_status":"open","sticky":false,"template":"","format":"standard","meta":[],"categories":[45,3,23,6,22],"tags":[],"acf":[],"yoast_head":"<!-- This site is optimized with the Yoast SEO plugin v20.8 - https:\/\/yoast.com\/wordpress\/plugins\/seo\/ -->\n<title>Comunicato stampa del 28.04.21 - Fondazione Francesco Fabbri<\/title>\n<meta name=\"robots\" content=\"index, follow, max-snippet:-1, max-image-preview:large, max-video-preview:-1\" \/>\n<link rel=\"canonical\" href=\"https:\/\/www.fondazionefrancescofabbri.it\/it\/2021\/04\/28\/comunicato-stampa-28-04-21\/\" \/>\n<meta property=\"og:locale\" content=\"it_IT\" \/>\n<meta property=\"og:type\" content=\"article\" \/>\n<meta property=\"og:title\" content=\"Comunicato stampa del 28.04.21 - Fondazione Francesco Fabbri\" \/>\n<meta property=\"og:description\" content=\"Il 6 maggio dalle 16.00 alle 19.00 Villa Brandolini a Pieve di Soligo (TV) inaugura l&#039;esposizione attorno al mito di Danae che mette in dialogo un dipinto del grande artista rococ\u00f2 Antonio Bellucci (1654 - 1726) con diciannove pittori contemporanei.\" \/>\n<meta property=\"og:url\" content=\"https:\/\/www.fondazionefrancescofabbri.it\/it\/2021\/04\/28\/comunicato-stampa-28-04-21\/\" \/>\n<meta property=\"og:site_name\" content=\"Fondazione Francesco Fabbri\" \/>\n<meta property=\"article:published_time\" content=\"2021-04-28T13:37:18+00:00\" \/>\n<meta property=\"og:image\" content=\"https:\/\/www.fondazionefrancescofabbri.it\/wp-content\/uploads\/2021\/03\/danae_banner_home_page_A.jpg\" \/>\n\t<meta property=\"og:image:width\" content=\"1100\" \/>\n\t<meta property=\"og:image:height\" content=\"700\" \/>\n\t<meta property=\"og:image:type\" content=\"image\/jpeg\" \/>\n<meta name=\"author\" content=\"Fondazione Francesco Fabbri\" \/>\n<meta name=\"twitter:card\" content=\"summary_large_image\" \/>\n<meta name=\"twitter:label1\" content=\"Scritto da\" \/>\n\t<meta name=\"twitter:data1\" content=\"Fondazione Francesco Fabbri\" \/>\n\t<meta name=\"twitter:label2\" content=\"Tempo di lettura stimato\" \/>\n\t<meta name=\"twitter:data2\" content=\"4 minuti\" \/>\n<script type=\"application\/ld+json\" class=\"yoast-schema-graph\">{\"@context\":\"https:\/\/schema.org\",\"@graph\":[{\"@type\":\"WebPage\",\"@id\":\"https:\/\/www.fondazionefrancescofabbri.it\/it\/2021\/04\/28\/comunicato-stampa-28-04-21\/\",\"url\":\"https:\/\/www.fondazionefrancescofabbri.it\/it\/2021\/04\/28\/comunicato-stampa-28-04-21\/\",\"name\":\"Comunicato stampa del 28.04.21 - Fondazione Francesco Fabbri\",\"isPartOf\":{\"@id\":\"https:\/\/www.fondazionefrancescofabbri.it\/en\/#website\"},\"datePublished\":\"2021-04-28T13:37:18+00:00\",\"dateModified\":\"2021-04-28T13:37:18+00:00\",\"author\":{\"@id\":\"https:\/\/www.fondazionefrancescofabbri.it\/en\/#\/schema\/person\/674c3629d79d89f3c0974d34d33e6200\"},\"breadcrumb\":{\"@id\":\"https:\/\/www.fondazionefrancescofabbri.it\/it\/2021\/04\/28\/comunicato-stampa-28-04-21\/#breadcrumb\"},\"inLanguage\":\"it-IT\",\"potentialAction\":[{\"@type\":\"ReadAction\",\"target\":[\"https:\/\/www.fondazionefrancescofabbri.it\/it\/2021\/04\/28\/comunicato-stampa-28-04-21\/\"]}]},{\"@type\":\"BreadcrumbList\",\"@id\":\"https:\/\/www.fondazionefrancescofabbri.it\/it\/2021\/04\/28\/comunicato-stampa-28-04-21\/#breadcrumb\",\"itemListElement\":[{\"@type\":\"ListItem\",\"position\":1,\"name\":\"Home\",\"item\":\"https:\/\/www.fondazionefrancescofabbri.it\/it\/\"},{\"@type\":\"ListItem\",\"position\":2,\"name\":\"Comunicato stampa del 28.04.21\"}]},{\"@type\":\"WebSite\",\"@id\":\"https:\/\/www.fondazionefrancescofabbri.it\/en\/#website\",\"url\":\"https:\/\/www.fondazionefrancescofabbri.it\/en\/\",\"name\":\"Fondazione Francesco Fabbri\",\"description\":\"Just another WordPress site\",\"potentialAction\":[{\"@type\":\"SearchAction\",\"target\":{\"@type\":\"EntryPoint\",\"urlTemplate\":\"https:\/\/www.fondazionefrancescofabbri.it\/en\/?s={search_term_string}\"},\"query-input\":\"required name=search_term_string\"}],\"inLanguage\":\"it-IT\"},{\"@type\":\"Person\",\"@id\":\"https:\/\/www.fondazionefrancescofabbri.it\/en\/#\/schema\/person\/674c3629d79d89f3c0974d34d33e6200\",\"name\":\"Fondazione Francesco Fabbri\",\"image\":{\"@type\":\"ImageObject\",\"inLanguage\":\"it-IT\",\"@id\":\"https:\/\/www.fondazionefrancescofabbri.it\/en\/#\/schema\/person\/image\/\",\"url\":\"https:\/\/secure.gravatar.com\/avatar\/ec2c804d96abd506edd38ca09d6a13e6?s=96&d=mm&r=g\",\"contentUrl\":\"https:\/\/secure.gravatar.com\/avatar\/ec2c804d96abd506edd38ca09d6a13e6?s=96&d=mm&r=g\",\"caption\":\"Fondazione Francesco Fabbri\"},\"url\":\"https:\/\/www.fondazionefrancescofabbri.it\/it\/author\/fondazione-francesco-fabbri\/\"}]}<\/script>\n<!-- \/ Yoast SEO plugin. -->","yoast_head_json":{"title":"Comunicato stampa del 28.04.21 - Fondazione Francesco Fabbri","robots":{"index":"index","follow":"follow","max-snippet":"max-snippet:-1","max-image-preview":"max-image-preview:large","max-video-preview":"max-video-preview:-1"},"canonical":"https:\/\/www.fondazionefrancescofabbri.it\/it\/2021\/04\/28\/comunicato-stampa-28-04-21\/","og_locale":"it_IT","og_type":"article","og_title":"Comunicato stampa del 28.04.21 - Fondazione Francesco Fabbri","og_description":"Il 6 maggio dalle 16.00 alle 19.00 Villa Brandolini a Pieve di Soligo (TV) inaugura l'esposizione attorno al mito di Danae che mette in dialogo un dipinto del grande artista rococ\u00f2 Antonio Bellucci (1654 - 1726) con diciannove pittori contemporanei.","og_url":"https:\/\/www.fondazionefrancescofabbri.it\/it\/2021\/04\/28\/comunicato-stampa-28-04-21\/","og_site_name":"Fondazione Francesco Fabbri","article_published_time":"2021-04-28T13:37:18+00:00","og_image":[{"width":1100,"height":700,"url":"https:\/\/www.fondazionefrancescofabbri.it\/wp-content\/uploads\/2021\/03\/danae_banner_home_page_A.jpg","type":"image\/jpeg"}],"author":"Fondazione Francesco Fabbri","twitter_card":"summary_large_image","twitter_misc":{"Scritto da":"Fondazione Francesco Fabbri","Tempo di lettura stimato":"4 minuti"},"schema":{"@context":"https:\/\/schema.org","@graph":[{"@type":"WebPage","@id":"https:\/\/www.fondazionefrancescofabbri.it\/it\/2021\/04\/28\/comunicato-stampa-28-04-21\/","url":"https:\/\/www.fondazionefrancescofabbri.it\/it\/2021\/04\/28\/comunicato-stampa-28-04-21\/","name":"Comunicato stampa del 28.04.21 - Fondazione Francesco Fabbri","isPartOf":{"@id":"https:\/\/www.fondazionefrancescofabbri.it\/en\/#website"},"datePublished":"2021-04-28T13:37:18+00:00","dateModified":"2021-04-28T13:37:18+00:00","author":{"@id":"https:\/\/www.fondazionefrancescofabbri.it\/en\/#\/schema\/person\/674c3629d79d89f3c0974d34d33e6200"},"breadcrumb":{"@id":"https:\/\/www.fondazionefrancescofabbri.it\/it\/2021\/04\/28\/comunicato-stampa-28-04-21\/#breadcrumb"},"inLanguage":"it-IT","potentialAction":[{"@type":"ReadAction","target":["https:\/\/www.fondazionefrancescofabbri.it\/it\/2021\/04\/28\/comunicato-stampa-28-04-21\/"]}]},{"@type":"BreadcrumbList","@id":"https:\/\/www.fondazionefrancescofabbri.it\/it\/2021\/04\/28\/comunicato-stampa-28-04-21\/#breadcrumb","itemListElement":[{"@type":"ListItem","position":1,"name":"Home","item":"https:\/\/www.fondazionefrancescofabbri.it\/it\/"},{"@type":"ListItem","position":2,"name":"Comunicato stampa del 28.04.21"}]},{"@type":"WebSite","@id":"https:\/\/www.fondazionefrancescofabbri.it\/en\/#website","url":"https:\/\/www.fondazionefrancescofabbri.it\/en\/","name":"Fondazione Francesco Fabbri","description":"Just another WordPress site","potentialAction":[{"@type":"SearchAction","target":{"@type":"EntryPoint","urlTemplate":"https:\/\/www.fondazionefrancescofabbri.it\/en\/?s={search_term_string}"},"query-input":"required name=search_term_string"}],"inLanguage":"it-IT"},{"@type":"Person","@id":"https:\/\/www.fondazionefrancescofabbri.it\/en\/#\/schema\/person\/674c3629d79d89f3c0974d34d33e6200","name":"Fondazione Francesco Fabbri","image":{"@type":"ImageObject","inLanguage":"it-IT","@id":"https:\/\/www.fondazionefrancescofabbri.it\/en\/#\/schema\/person\/image\/","url":"https:\/\/secure.gravatar.com\/avatar\/ec2c804d96abd506edd38ca09d6a13e6?s=96&d=mm&r=g","contentUrl":"https:\/\/secure.gravatar.com\/avatar\/ec2c804d96abd506edd38ca09d6a13e6?s=96&d=mm&r=g","caption":"Fondazione Francesco Fabbri"},"url":"https:\/\/www.fondazionefrancescofabbri.it\/it\/author\/fondazione-francesco-fabbri\/"}]}},"_links":{"self":[{"href":"https:\/\/www.fondazionefrancescofabbri.it\/it\/wp-json\/wp\/v2\/posts\/2975"}],"collection":[{"href":"https:\/\/www.fondazionefrancescofabbri.it\/it\/wp-json\/wp\/v2\/posts"}],"about":[{"href":"https:\/\/www.fondazionefrancescofabbri.it\/it\/wp-json\/wp\/v2\/types\/post"}],"author":[{"embeddable":true,"href":"https:\/\/www.fondazionefrancescofabbri.it\/it\/wp-json\/wp\/v2\/users\/8"}],"replies":[{"embeddable":true,"href":"https:\/\/www.fondazionefrancescofabbri.it\/it\/wp-json\/wp\/v2\/comments?post=2975"}],"version-history":[{"count":6,"href":"https:\/\/www.fondazionefrancescofabbri.it\/it\/wp-json\/wp\/v2\/posts\/2975\/revisions"}],"predecessor-version":[{"id":3004,"href":"https:\/\/www.fondazionefrancescofabbri.it\/it\/wp-json\/wp\/v2\/posts\/2975\/revisions\/3004"}],"wp:featuredmedia":[{"embeddable":true,"href":"https:\/\/www.fondazionefrancescofabbri.it\/it\/wp-json\/wp\/v2\/media\/2949"}],"wp:attachment":[{"href":"https:\/\/www.fondazionefrancescofabbri.it\/it\/wp-json\/wp\/v2\/media?parent=2975"}],"wp:term":[{"taxonomy":"category","embeddable":true,"href":"https:\/\/www.fondazionefrancescofabbri.it\/it\/wp-json\/wp\/v2\/categories?post=2975"},{"taxonomy":"post_tag","embeddable":true,"href":"https:\/\/www.fondazionefrancescofabbri.it\/it\/wp-json\/wp\/v2\/tags?post=2975"}],"curies":[{"name":"wp","href":"https:\/\/api.w.org\/{rel}","templated":true}]}}