{"id":3188,"date":"2021-11-19T17:54:22","date_gmt":"2021-11-19T15:54:22","guid":{"rendered":"https:\/\/www.fondazionefrancescofabbri.it\/?p=3188"},"modified":"2021-11-19T17:54:22","modified_gmt":"2021-11-19T15:54:22","slug":"comunicato-stampa-15-11-21-2","status":"publish","type":"post","link":"https:\/\/www.fondazionefrancescofabbri.it\/it\/2021\/11\/19\/comunicato-stampa-15-11-21-2\/","title":{"rendered":"Comunicato stampa del 19.11.21"},"content":{"rendered":"<section class=\"wpb-content-wrapper\"><p>[vc_row][vc_column][vc_column_text]<\/p>\n<div class=\"page\" title=\"Page 1\">\n<div class=\"layoutArea\">\n<div class=\"column\">\n<div class=\"page\" title=\"Page 1\">\n<div class=\"layoutArea\">\n<div class=\"column\">\n<div class=\"m_2334639655181586460block-grid\">\n<div class=\"m_2334639655181586460col\">\n<div class=\"m_2334639655181586460col_cont\">\n<p style=\"text-align: center;\"><b><i>Bonus facciate e albergo diffuso: due opportunit\u00e0 per rivitalizzare Solighetto<\/i><\/b><\/p>\n<p style=\"text-align: center;\"><strong>Sabato 20 novembre ore 10.30\u00a0a\u00a0villa Brandolini<\/strong><\/p>\n<p>&nbsp;<\/p>\n<\/div>\n<\/div>\n<\/div>\n<\/div>\n<\/div>\n<\/div>\n<\/div>\n<\/div>\n<\/div>\n<p>[\/vc_column_text][vc_single_image image=&#8221;3189&#8243; img_size=&#8221;large&#8221;][\/vc_column][\/vc_row][vc_row][vc_column][vc_column_text]<\/p>\n<div class=\"page\" title=\"Page 1\">\n<div class=\"layoutArea\">\n<div class=\"column\">\n<div class=\"page\" title=\"Page 1\">\n<div class=\"layoutArea\">\n<div class=\"column\">\n<div class=\"m_2334639655181586460block-grid\">\n<div class=\"m_2334639655181586460col\">\n<div class=\"m_2334639655181586460col_cont\">\n<div>\n<p>&nbsp;<\/p>\n<p>&nbsp;<\/p>\n<p>Lo scopo di questo progetto \u00e8 rivitalizzare <strong>Solighetto<\/strong>, promuovendone la sua<br \/>\ncaratteristica di borgo immerso nelle <strong>Colline patrimonio Unesco<\/strong>, puntando su un progetto che coniuga la rigenerazione e del patrimonio edilizio abbandonato o sottoutilizzato alle opportunit\u00e0 che possono sorgere per la comunit\u00e0 grazie ad un turismo di qualit\u00e0.<\/p>\n<p>Un incontro nel quale due esperti, la dott.ssa <strong>Antonella Faggiani<\/strong>, coordinatrice del dossier sull\u2019albergo diffuso a Solighetto, e il dott. <strong>Federico Della Puppa<\/strong>, economista esperto in rigenerazione urbana e nei relativi bonus fiscali, illustreranno le potenzialit\u00e0 dell\u2019ospitalit\u00e0 diffusa per il rilancio di Solighetto e le opportunit\u00e0 di uso dei bonus fiscali e della cessione dei crediti di imposta, al fine di avviare questo importante progetto di valorizzazione di Solighetto che ha bisogno della tua partecipazione e del tuo sostegno.<\/p>\n<p><strong>Villa Brandolini, Solighetto di Pieve di Soligo (Treviso), Piazza Libert\u00e0 n\u00b07<\/strong><\/p>\n<\/div>\n<p>&nbsp;<\/p>\n<div>\n<p>Segui i nostri canali:<\/p>\n<p><a href=\"https:\/\/fondazionefrancescofabbrionlus.musvc2.net\/e\/t?q=A%3d7W8aDa%26o%3dY%26t%3dU6%26M%3d0Z0Z%261%3dAwRvL_uyYs_69_xtVx_89_uyYs_5D3Pz.GtLw9mKdK.iHp_PWvS_Zl9rLj43GuGh_Dx4qAkLfM_l4e0xB_uyYs_5D_9g4dxtVx_99kJ_xtVx_97lR%26j%3dFxQ265.LkM%26lQ%3d7cBf\" target=\"_blank\" rel=\"noopener\" data-saferedirecturl=\"https:\/\/www.google.com\/url?q=https:\/\/fondazionefrancescofabbrionlus.musvc2.net\/e\/t?q%3DA%253d7W8aDa%2526o%253dY%2526t%253dU6%2526M%253d0Z0Z%25261%253dAwRvL_uyYs_69_xtVx_89_uyYs_5D3Pz.GtLw9mKdK.iHp_PWvS_Zl9rLj43GuGh_Dx4qAkLfM_l4e0xB_uyYs_5D_9g4dxtVx_99kJ_xtVx_97lR%2526j%253dFxQ265.LkM%2526lQ%253d7cBf&amp;source=gmail&amp;ust=1619187590791000&amp;usg=AFQjCNFMCB691hkT0s2Fruxe69uVt4MQTQ\">instagram\u00a0<\/a><\/p>\n<p><a href=\"https:\/\/fondazionefrancescofabbrionlus.musvc2.net\/e\/t?q=9%3dObKYVf%262%3dW%26B%3dZI%26K%3dReMX%26I%3dF0PDQ_8wqx_I7_Fyiv_PD_8wqx_HBKUC.ByAu8CM1.9CK_8wqx_HBdM40yXyKBCVNyLsAGA5ly0rN7%26B%3d3QGTsX.BC7y9q0%26EG%3dYPeV\" target=\"_blank\" rel=\"noopener\" data-saferedirecturl=\"https:\/\/www.google.com\/url?q=https:\/\/fondazionefrancescofabbrionlus.musvc2.net\/e\/t?q%3D9%253dObKYVf%25262%253dW%2526B%253dZI%2526K%253dReMX%2526I%253dF0PDQ_8wqx_I7_Fyiv_PD_8wqx_HBKUC.ByAu8CM1.9CK_8wqx_HBdM40yXyKBCVNyLsAGA5ly0rN7%2526B%253d3QGTsX.BC7y9q0%2526EG%253dYPeV&amp;source=gmail&amp;ust=1619187590791000&amp;usg=AFQjCNGPp-mXApeJVm8SNoLG2XKn8MLf8g\">facebook<\/a><\/p>\n<p><a href=\"https:\/\/fondazionefrancescofabbrionlus.musvc2.net\/e\/t?q=6%3d6UFVCY%26w%3dT%26s%3dSD%26H%3d9XHU%26z%3d95MuJ_3tXq_D4_wrds_77_3tXq_C92N8.LuIp4p63.6tD_3tXq_C9x9zP_wrds_77qHyFrKf7t4-y2wDx%265%3dxNxMnU4f2l.s65%26Bx%3dRKbC\" target=\"_blank\" rel=\"noopener\" data-saferedirecturl=\"https:\/\/www.google.com\/url?q=https:\/\/fondazionefrancescofabbrionlus.musvc2.net\/e\/t?q%3D6%253d6UFVCY%2526w%253dT%2526s%253dSD%2526H%253d9XHU%2526z%253d95MuJ_3tXq_D4_wrds_77_3tXq_C92N8.LuIp4p63.6tD_3tXq_C9x9zP_wrds_77qHyFrKf7t4-y2wDx%25265%253dxNxMnU4f2l.s65%2526Bx%253dRKbC&amp;source=gmail&amp;ust=1619187590791000&amp;usg=AFQjCNFP4t5682gkzDcvD4A8jACo1EeOpg\">spreaker<\/a><\/p>\n<p><a href=\"https:\/\/fondazionefrancescofabbrionlus.musvc2.net\/e\/t?q=0%3dJT6ZQX%26m%3dX%267%3dR4%26L%3dMW8Y%26D%3d8uQ9I_sxlp_48_AqTw_K6_sxlp_3CFMx.V8KuRu5.dL6_HRzi_Rg011oKxB_sxlp_3Cncr04_0XwXwICUuyWTngV_l8t1ba_sxlp_4CE9fT_tI_sxlp_4ABKcPvHj9xH%26e%3dJDIw0K.DfQ%262I%3d2gRX\" target=\"_blank\" rel=\"noopener\" data-saferedirecturl=\"https:\/\/www.google.com\/url?q=https:\/\/fondazionefrancescofabbrionlus.musvc2.net\/e\/t?q%3D0%253dJT6ZQX%2526m%253dX%25267%253dR4%2526L%253dMW8Y%2526D%253d8uQ9I_sxlp_48_AqTw_K6_sxlp_3CFMx.V8KuRu5.dL6_HRzi_Rg011oKxB_sxlp_3Cncr04_0XwXwICUuyWTngV_l8t1ba_sxlp_4CE9fT_tI_sxlp_4ABKcPvHj9xH%2526e%253dJDIw0K.DfQ%25262I%253d2gRX&amp;source=gmail&amp;ust=1619187590791000&amp;usg=AFQjCNG-yR50to0U6RWVuet_xoOh7Vjgfw\">youtube<\/a><\/p>\n<div>\n<div class=\"m_1723178243039252811block-grid\">\n<div>\n<div class=\"m_1723178243039252811col\">\n<div class=\"m_1723178243039252811col_cont\">\n<div>\n<div>\n<div><\/div>\n<\/div>\n<\/div>\n<\/div>\n<\/div>\n<\/div>\n<\/div>\n<\/div>\n<\/div>\n<\/div>\n<\/div>\n<\/div>\n<\/div>\n<\/div>\n<\/div>\n<\/div>\n<\/div>\n<\/div>\n<p>[\/vc_column_text][\/vc_column][\/vc_row]<\/p>\n<\/section>","protected":false},"excerpt":{"rendered":"<p>Bonus facciate e albergo diffuso: due opportunit\u00e0 per rivitalizzare Solighetto<\/p>\n<p>sabato 20 novembre ore 10.30 a villa Brandolini<\/p>\n","protected":false},"author":8,"featured_media":3189,"comment_status":"open","ping_status":"open","sticky":false,"template":"","format":"standard","meta":[],"categories":[23,22],"tags":[],"acf":[],"yoast_head":"<!-- This site is optimized with the Yoast SEO plugin v20.8 - https:\/\/yoast.com\/wordpress\/plugins\/seo\/ -->\n<title>Comunicato stampa del 19.11.21 - Fondazione Francesco Fabbri<\/title>\n<meta name=\"robots\" content=\"index, follow, max-snippet:-1, max-image-preview:large, max-video-preview:-1\" \/>\n<link rel=\"canonical\" href=\"https:\/\/www.fondazionefrancescofabbri.it\/it\/2021\/11\/19\/comunicato-stampa-15-11-21-2\/\" \/>\n<meta property=\"og:locale\" content=\"it_IT\" \/>\n<meta property=\"og:type\" content=\"article\" \/>\n<meta property=\"og:title\" content=\"Comunicato stampa del 19.11.21 - Fondazione Francesco Fabbri\" \/>\n<meta property=\"og:description\" content=\"Bonus facciate e albergo diffuso: due opportunit\u00e0 per rivitalizzare Solighetto  sabato 20 novembre ore 10.30 a villa Brandolini\" \/>\n<meta property=\"og:url\" content=\"https:\/\/www.fondazionefrancescofabbri.it\/it\/2021\/11\/19\/comunicato-stampa-15-11-21-2\/\" \/>\n<meta property=\"og:site_name\" content=\"Fondazione Francesco Fabbri\" \/>\n<meta property=\"article:published_time\" content=\"2021-11-19T15:54:22+00:00\" \/>\n<meta property=\"og:image\" content=\"https:\/\/www.fondazionefrancescofabbri.it\/wp-content\/uploads\/2021\/11\/258751256_4514675468579491_4929566667369083456_n.jpeg\" \/>\n\t<meta property=\"og:image:width\" content=\"550\" \/>\n\t<meta property=\"og:image:height\" content=\"333\" \/>\n\t<meta property=\"og:image:type\" content=\"image\/jpeg\" \/>\n<meta name=\"author\" content=\"Fondazione Francesco Fabbri\" \/>\n<meta name=\"twitter:card\" content=\"summary_large_image\" \/>\n<meta name=\"twitter:label1\" content=\"Scritto da\" \/>\n\t<meta name=\"twitter:data1\" content=\"Fondazione Francesco Fabbri\" \/>\n\t<meta name=\"twitter:label2\" content=\"Tempo di lettura stimato\" \/>\n\t<meta name=\"twitter:data2\" content=\"1 minuto\" \/>\n<script type=\"application\/ld+json\" class=\"yoast-schema-graph\">{\"@context\":\"https:\/\/schema.org\",\"@graph\":[{\"@type\":\"WebPage\",\"@id\":\"https:\/\/www.fondazionefrancescofabbri.it\/it\/2021\/11\/19\/comunicato-stampa-15-11-21-2\/\",\"url\":\"https:\/\/www.fondazionefrancescofabbri.it\/it\/2021\/11\/19\/comunicato-stampa-15-11-21-2\/\",\"name\":\"Comunicato stampa del 19.11.21 - Fondazione Francesco Fabbri\",\"isPartOf\":{\"@id\":\"https:\/\/www.fondazionefrancescofabbri.it\/en\/#website\"},\"datePublished\":\"2021-11-19T15:54:22+00:00\",\"dateModified\":\"2021-11-19T15:54:22+00:00\",\"author\":{\"@id\":\"https:\/\/www.fondazionefrancescofabbri.it\/en\/#\/schema\/person\/674c3629d79d89f3c0974d34d33e6200\"},\"breadcrumb\":{\"@id\":\"https:\/\/www.fondazionefrancescofabbri.it\/it\/2021\/11\/19\/comunicato-stampa-15-11-21-2\/#breadcrumb\"},\"inLanguage\":\"it-IT\",\"potentialAction\":[{\"@type\":\"ReadAction\",\"target\":[\"https:\/\/www.fondazionefrancescofabbri.it\/it\/2021\/11\/19\/comunicato-stampa-15-11-21-2\/\"]}]},{\"@type\":\"BreadcrumbList\",\"@id\":\"https:\/\/www.fondazionefrancescofabbri.it\/it\/2021\/11\/19\/comunicato-stampa-15-11-21-2\/#breadcrumb\",\"itemListElement\":[{\"@type\":\"ListItem\",\"position\":1,\"name\":\"Home\",\"item\":\"https:\/\/www.fondazionefrancescofabbri.it\/it\/\"},{\"@type\":\"ListItem\",\"position\":2,\"name\":\"Comunicato stampa del 19.11.21\"}]},{\"@type\":\"WebSite\",\"@id\":\"https:\/\/www.fondazionefrancescofabbri.it\/en\/#website\",\"url\":\"https:\/\/www.fondazionefrancescofabbri.it\/en\/\",\"name\":\"Fondazione Francesco Fabbri\",\"description\":\"Just another WordPress site\",\"potentialAction\":[{\"@type\":\"SearchAction\",\"target\":{\"@type\":\"EntryPoint\",\"urlTemplate\":\"https:\/\/www.fondazionefrancescofabbri.it\/en\/?s={search_term_string}\"},\"query-input\":\"required name=search_term_string\"}],\"inLanguage\":\"it-IT\"},{\"@type\":\"Person\",\"@id\":\"https:\/\/www.fondazionefrancescofabbri.it\/en\/#\/schema\/person\/674c3629d79d89f3c0974d34d33e6200\",\"name\":\"Fondazione Francesco Fabbri\",\"image\":{\"@type\":\"ImageObject\",\"inLanguage\":\"it-IT\",\"@id\":\"https:\/\/www.fondazionefrancescofabbri.it\/en\/#\/schema\/person\/image\/\",\"url\":\"https:\/\/secure.gravatar.com\/avatar\/ec2c804d96abd506edd38ca09d6a13e6?s=96&d=mm&r=g\",\"contentUrl\":\"https:\/\/secure.gravatar.com\/avatar\/ec2c804d96abd506edd38ca09d6a13e6?s=96&d=mm&r=g\",\"caption\":\"Fondazione Francesco Fabbri\"},\"url\":\"https:\/\/www.fondazionefrancescofabbri.it\/it\/author\/fondazione-francesco-fabbri\/\"}]}<\/script>\n<!-- \/ Yoast SEO plugin. -->","yoast_head_json":{"title":"Comunicato stampa del 19.11.21 - Fondazione Francesco Fabbri","robots":{"index":"index","follow":"follow","max-snippet":"max-snippet:-1","max-image-preview":"max-image-preview:large","max-video-preview":"max-video-preview:-1"},"canonical":"https:\/\/www.fondazionefrancescofabbri.it\/it\/2021\/11\/19\/comunicato-stampa-15-11-21-2\/","og_locale":"it_IT","og_type":"article","og_title":"Comunicato stampa del 19.11.21 - Fondazione Francesco Fabbri","og_description":"Bonus facciate e albergo diffuso: due opportunit\u00e0 per rivitalizzare Solighetto  sabato 20 novembre ore 10.30 a villa Brandolini","og_url":"https:\/\/www.fondazionefrancescofabbri.it\/it\/2021\/11\/19\/comunicato-stampa-15-11-21-2\/","og_site_name":"Fondazione Francesco Fabbri","article_published_time":"2021-11-19T15:54:22+00:00","og_image":[{"width":550,"height":333,"url":"https:\/\/www.fondazionefrancescofabbri.it\/wp-content\/uploads\/2021\/11\/258751256_4514675468579491_4929566667369083456_n.jpeg","type":"image\/jpeg"}],"author":"Fondazione Francesco Fabbri","twitter_card":"summary_large_image","twitter_misc":{"Scritto da":"Fondazione Francesco Fabbri","Tempo di lettura stimato":"1 minuto"},"schema":{"@context":"https:\/\/schema.org","@graph":[{"@type":"WebPage","@id":"https:\/\/www.fondazionefrancescofabbri.it\/it\/2021\/11\/19\/comunicato-stampa-15-11-21-2\/","url":"https:\/\/www.fondazionefrancescofabbri.it\/it\/2021\/11\/19\/comunicato-stampa-15-11-21-2\/","name":"Comunicato stampa del 19.11.21 - Fondazione Francesco Fabbri","isPartOf":{"@id":"https:\/\/www.fondazionefrancescofabbri.it\/en\/#website"},"datePublished":"2021-11-19T15:54:22+00:00","dateModified":"2021-11-19T15:54:22+00:00","author":{"@id":"https:\/\/www.fondazionefrancescofabbri.it\/en\/#\/schema\/person\/674c3629d79d89f3c0974d34d33e6200"},"breadcrumb":{"@id":"https:\/\/www.fondazionefrancescofabbri.it\/it\/2021\/11\/19\/comunicato-stampa-15-11-21-2\/#breadcrumb"},"inLanguage":"it-IT","potentialAction":[{"@type":"ReadAction","target":["https:\/\/www.fondazionefrancescofabbri.it\/it\/2021\/11\/19\/comunicato-stampa-15-11-21-2\/"]}]},{"@type":"BreadcrumbList","@id":"https:\/\/www.fondazionefrancescofabbri.it\/it\/2021\/11\/19\/comunicato-stampa-15-11-21-2\/#breadcrumb","itemListElement":[{"@type":"ListItem","position":1,"name":"Home","item":"https:\/\/www.fondazionefrancescofabbri.it\/it\/"},{"@type":"ListItem","position":2,"name":"Comunicato stampa del 19.11.21"}]},{"@type":"WebSite","@id":"https:\/\/www.fondazionefrancescofabbri.it\/en\/#website","url":"https:\/\/www.fondazionefrancescofabbri.it\/en\/","name":"Fondazione Francesco Fabbri","description":"Just another WordPress site","potentialAction":[{"@type":"SearchAction","target":{"@type":"EntryPoint","urlTemplate":"https:\/\/www.fondazionefrancescofabbri.it\/en\/?s={search_term_string}"},"query-input":"required name=search_term_string"}],"inLanguage":"it-IT"},{"@type":"Person","@id":"https:\/\/www.fondazionefrancescofabbri.it\/en\/#\/schema\/person\/674c3629d79d89f3c0974d34d33e6200","name":"Fondazione Francesco Fabbri","image":{"@type":"ImageObject","inLanguage":"it-IT","@id":"https:\/\/www.fondazionefrancescofabbri.it\/en\/#\/schema\/person\/image\/","url":"https:\/\/secure.gravatar.com\/avatar\/ec2c804d96abd506edd38ca09d6a13e6?s=96&d=mm&r=g","contentUrl":"https:\/\/secure.gravatar.com\/avatar\/ec2c804d96abd506edd38ca09d6a13e6?s=96&d=mm&r=g","caption":"Fondazione Francesco Fabbri"},"url":"https:\/\/www.fondazionefrancescofabbri.it\/it\/author\/fondazione-francesco-fabbri\/"}]}},"_links":{"self":[{"href":"https:\/\/www.fondazionefrancescofabbri.it\/it\/wp-json\/wp\/v2\/posts\/3188"}],"collection":[{"href":"https:\/\/www.fondazionefrancescofabbri.it\/it\/wp-json\/wp\/v2\/posts"}],"about":[{"href":"https:\/\/www.fondazionefrancescofabbri.it\/it\/wp-json\/wp\/v2\/types\/post"}],"author":[{"embeddable":true,"href":"https:\/\/www.fondazionefrancescofabbri.it\/it\/wp-json\/wp\/v2\/users\/8"}],"replies":[{"embeddable":true,"href":"https:\/\/www.fondazionefrancescofabbri.it\/it\/wp-json\/wp\/v2\/comments?post=3188"}],"version-history":[{"count":2,"href":"https:\/\/www.fondazionefrancescofabbri.it\/it\/wp-json\/wp\/v2\/posts\/3188\/revisions"}],"predecessor-version":[{"id":3192,"href":"https:\/\/www.fondazionefrancescofabbri.it\/it\/wp-json\/wp\/v2\/posts\/3188\/revisions\/3192"}],"wp:featuredmedia":[{"embeddable":true,"href":"https:\/\/www.fondazionefrancescofabbri.it\/it\/wp-json\/wp\/v2\/media\/3189"}],"wp:attachment":[{"href":"https:\/\/www.fondazionefrancescofabbri.it\/it\/wp-json\/wp\/v2\/media?parent=3188"}],"wp:term":[{"taxonomy":"category","embeddable":true,"href":"https:\/\/www.fondazionefrancescofabbri.it\/it\/wp-json\/wp\/v2\/categories?post=3188"},{"taxonomy":"post_tag","embeddable":true,"href":"https:\/\/www.fondazionefrancescofabbri.it\/it\/wp-json\/wp\/v2\/tags?post=3188"}],"curies":[{"name":"wp","href":"https:\/\/api.w.org\/{rel}","templated":true}]}}