{"id":3272,"date":"2022-01-31T12:02:48","date_gmt":"2022-01-31T10:02:48","guid":{"rendered":"https:\/\/www.fondazionefrancescofabbri.it\/?p=3272"},"modified":"2022-02-01T12:14:34","modified_gmt":"2022-02-01T10:14:34","slug":"comunicato-stampa-31-01-22","status":"publish","type":"post","link":"https:\/\/www.fondazionefrancescofabbri.it\/it\/2022\/01\/31\/comunicato-stampa-31-01-22\/","title":{"rendered":"Comunicato stampa del 31.01.22"},"content":{"rendered":"<section class=\"wpb-content-wrapper\"><p>[vc_row][vc_column][vc_column_text]<\/p>\n<div class=\"page\" title=\"Page 1\">\n<div class=\"layoutArea\">\n<div class=\"column\">\n<div class=\"page\" title=\"Page 1\">\n<div class=\"layoutArea\">\n<div class=\"column\">\n<div class=\"m_2334639655181586460block-grid\">\n<div class=\"m_2334639655181586460col\">\n<div class=\"m_2334639655181586460col_cont\">\n<p><strong>Rinnovati i vertici della Fondazione Francesco Fabbri<\/strong><\/p>\n<p>&nbsp;<\/p>\n<\/div>\n<\/div>\n<\/div>\n<\/div>\n<\/div>\n<\/div>\n<\/div>\n<\/div>\n<\/div>\n<p>[\/vc_column_text][vc_single_image image=&#8221;3273&#8243; img_size=&#8221;large&#8221;][\/vc_column][\/vc_row][vc_row][vc_column][vc_column_text]<\/p>\n<div class=\"page\" title=\"Page 1\">\n<div class=\"layoutArea\">\n<div class=\"column\">\n<div class=\"page\" title=\"Page 1\">\n<div class=\"layoutArea\">\n<div class=\"column\">\n<div class=\"m_2334639655181586460block-grid\">\n<div class=\"m_2334639655181586460col\">\n<div class=\"m_2334639655181586460col_cont\">\n<table class=\"row row-4\" role=\"presentation\" border=\"0\" width=\"100%\" cellspacing=\"0\" cellpadding=\"0\" align=\"center\">\n<tbody>\n<tr>\n<td>\n<table class=\"row-content stack\" role=\"presentation\" border=\"0\" width=\"580\" cellspacing=\"0\" cellpadding=\"0\" align=\"center\">\n<tbody>\n<tr>\n<td class=\"column\" width=\"100%\"><em>Presidenza all\u2019imprenditore Alberto Baban, gi\u00e0 facente parte del CDA, ed ingresso in CDA di Alberto Battistella, in sostituzione del dimissionario Giustino Moro e costituzione di un Comitato di Indirizzo Strategico coordinato dal prof. Roberto Masiero<\/em><\/p>\n<p>&nbsp;<\/p>\n<p>&nbsp;<\/p>\n<p>Sabato 29 gennaio sono stati rinnovati i vertici della Fondazione Fabbri ed \u00e8 stato definito il nuovo assetto organizzativo che guider\u00e0 la Fondazione nei prossimi anni.<\/p>\n<p>Dopo le dimissioni dal CDA e dal ruolo di Presidente da parte di Giustino Moro, che ha guidato la Fondazione per molti anni e che aveva rassegnato le proprie dimissioni per motivi personali lo scorso settembre, la Fondazione in questi mesi, sotto la mia guida di Presidente reggente, ha operato al fine di rinnovare le cariche e aprire ad una nuova fase operativa.<\/p>\n<p>L\u2019incontro di sabato 29 gennaio ha visto dapprima l\u2019ingresso in CDA di Alberto Battistella, marketing manager di Battistella Company, un ingresso che sottolinea il grande legame ideale tra il pensiero politico di Francesco Fabbri, attento ai temi dell\u2019inclusione sociale e dello sviluppo del territorio, e l\u2019operativit\u00e0 e il ruolo di aziende come Battistella, fondata dal nonno Alfredo nel primo dopoguerra, veri motori economici del nostro territorio, capaci di creare posti di lavoro e portare sviluppo e innovazione nel nostro territorio.<\/p>\n<p>Nel corso della riunione il CDA ha eletto all\u2019unanimit\u00e0 alla Presidenza Alberto Baban, gi\u00e0 consigliere della Fondazione e molto legato al nostro territorio, quale figura in grado di affrontare le nuove sfide impegnative che attendono la Fondazione nei prossimi mesi e anni.<\/p>\n<p>Alberto Baban \u2013 che ricordo \u00e8 ex Presidente della Piccola Industria e ex Vice Presidente di Confindustria, membro del Consiglio Generale, ed \u00e8 fondatore e presidente di VeNetWork Spa, societ\u00e0 di investimenti che riunisce 63 imprenditori veneti, oltre ad essere membro dell&#8217;Innovation Board dell&#8217;Universit\u00e0 di Venezia \u201cCa\u2019 Foscari\u201d e vice Presidente di UNICEF Italia, l\u2019ONG membro dell\u2019ONU dedicato alla difesa dei diritti dei minori\u00a0 \u00a0\u2013 succede dunque a Giustino Moro, con il compito di guidare la Fondazione Fabbri nella sua terza fase, quella operativa e attuativa dei progetti che in questi anni sono stati messi in campo e che oggi rappresentano il patrimonio della Fondazione.<\/p>\n<p>La Fondazione Fabbri infatti ha vissuto fino ad oggi nella sua storia due fasi principali. La prima legata alla Presidenza di Teresa Fabbri e orientata alla commemorazione e alla conservazione della memoria di Francesco Fabbri e del suo pensiero politico e sociale. La seconda fase, avviata e consolidata durante la Presidenza di Giustino Moro, ha visto la Fondazione come \u201cincubatore di idee\u201d e ha riguardato lo sviluppo di progettualit\u00e0 per il territorio e l\u2019avvio di attivit\u00e0 legate alle arti, come la creazione del Premio Fabbri per le arti contemporanee e il festival F4 \/ un&#8217;idea di Fotografia, entrambi giunti quest\u2019anno alla decima edizione, e l\u2019inserimento stabile nelle attivit\u00e0 della Fondazione di altre due eccellenze nel campo dell\u2019arte, il Lago Film Fest e il Premio Sonego. Inoltre non vanno dimenticate le attivit\u00e0 legate al laboratorio politico, con le sue numerose pubblicazioni, alcune fortemente innovative come il manifesto \u201cDalla smart city alla smart land\u201d, le attivit\u00e0 svolte dal 2017 ad oggi per l\u2019attivazione dell\u2019albergo diffuso a Solighetto e il supporto strategico al Comune di Pieve di Soligo per la candidatura a Capitale italiana della cultura 2022.<\/p>\n<p>La terza fase che si apre con la Presidenza di Alberto Baban sar\u00e0 una fase attuativa, nella quale i tanti progetti avviati nel corso di questi anni verranno messi a sistema e consolidati secondo un percorso virtuoso che tiene assieme arte e cultura, sviluppo locale e supporto al territorio. Tra le prime azioni concrete vi sar\u00e0 l\u2019affiancamento all\u2019IPA per la redazione del piano strategico di sviluppo d\u2019area, il supporto al Comune di Pieve di Soligo per la rigenerazione di Solighetto, che in questi giorni si \u00e8 concretizzata nella partecipazione del nostro comune al bando ministeriale dei \u201cborghi pilota\u201d gestito dalla Regione del Veneto, e che proseguir\u00e0 con altre azioni concrete nei prossimi mesi, al di l\u00e0 degli esiti del bando, a partire dall\u2019azione di supporto a Assindustria Venetocentro per la Capitale italiana di impresa 2022.<\/p>\n<p>Allo scopo di affrontare queste e le altre sfide che ci attendono, il CDA del 29 gennaio, oltre a nominare un Direttore Amministrativo, nella persona del dott. Alberto De Lucca, ha deliberato anche la revisione della struttura organizzativa della Fondazione stessa, trasformando il comitato curatoriale in <strong>Comitato di Indirizzo Strategico<\/strong> a supporto del CDA e della Presidenza, dunque con una visione pi\u00f9 collegiale e strategica delle attivit\u00e0 della Fondazione, e con la funzione di analizzare, discutere e proporre, oltre che promuovere, attivit\u00e0 coerenti con le finalit\u00e0 della Fondazione secondo i programmi che la Fondazione ha in corso e di quelli che promuover\u00e0 nel prossimo futuro.<\/p>\n<p>Questo nuovo organismo, che include i precedenti membri del comitato curatoriale e sar\u00e0 coordinato dal prof. Roberto Masiero, vede anche l\u2019ingresso dell\u2019avv. Bruno Barel, quale nuovo e autorevole rappresentante e testimone dello spirito di innovazione che dovr\u00e0 sostenere tutta l\u2019attivit\u00e0 della Fondazione e che ha in Alberto Baban una guida autorevole e innovativa.<\/p>\n<p>Qui di seguito la nuova organizzazione della Fondazione con le nuove cariche decise nel CDA del 29 gennaio:<\/p>\n<p>&nbsp;<\/p>\n<p>&nbsp;<\/p>\n<p><strong><u>Fondazione Francesco Fabbri onlus<\/u><\/strong><\/p>\n<p><u>\u00a0<\/u><\/p>\n<p><u>CDA<\/u><\/p>\n<p>Presidente: <strong>Alberto Baban<\/strong><\/p>\n<p>Vice Presidente: <strong>Bruno Dal Col<\/strong><\/p>\n<p>Consiglieri: <strong>Alberto Battistella<\/strong>, <strong>Cristina Da Soller<\/strong>, <strong>Graziano Lazzarotto<\/strong>, <strong>Raffaele Mazzucco<\/strong>, <strong>Cristina Pin<\/strong><\/p>\n<p>&nbsp;<\/p>\n<p><u>Direzione amministrativa<\/u><\/p>\n<p>Direttore amministrativo: <strong>Alberto De Lucca<\/strong><\/p>\n<p>Segreteria tecnica: <strong>Chiara Pozzobon<\/strong><\/p>\n<p>&nbsp;<\/p>\n<p><u>Comitato di Indirizzo Strategico<\/u><\/p>\n<p>Coordinatore: <strong>Roberto Masiero<\/strong><\/p>\n<p>Componenti: <strong>Bruno Barel<\/strong>, <strong>Viviana Carlet<\/strong>, <strong>Federico Della Puppa<\/strong>, <strong>Antonella Faggiani<\/strong>, <strong>Carlo Sala<\/strong><\/p>\n<p><strong>\u00a0<\/strong><\/p>\n<p><strong>\u00a0<\/strong><\/p>\n<p><strong>\u00a0<\/strong><\/p>\n<p>Il Presidente reggente<\/p>\n<p>Fondatore e rappresentante della famiglia Fabbri nel CDA<\/p>\n<p><strong>Bruno Dal Col<\/strong><\/p>\n<p>&nbsp;<\/p>\n<p>&nbsp;<\/p>\n<p>&nbsp;<\/p>\n<p>&nbsp;<\/p>\n<p>&nbsp;<\/td>\n<\/tr>\n<\/tbody>\n<\/table>\n<\/td>\n<\/tr>\n<\/tbody>\n<\/table>\n<\/div>\n<\/div>\n<\/div>\n<\/div>\n<\/div>\n<\/div>\n<\/div>\n<\/div>\n<\/div>\n<p>[\/vc_column_text][\/vc_column][\/vc_row]<\/p>\n<\/section>","protected":false},"excerpt":{"rendered":"<p>Nuovo presidente di Fondazione Fabbri, Alberto Baban e nuova organizzazione con il comitato di indirizzo strategico alla guida di Roberto Masiero<\/p>\n","protected":false},"author":8,"featured_media":3273,"comment_status":"open","ping_status":"open","sticky":false,"template":"","format":"standard","meta":[],"categories":[23,22,25],"tags":[],"acf":[],"yoast_head":"<!-- This site is optimized with the Yoast SEO plugin v20.8 - https:\/\/yoast.com\/wordpress\/plugins\/seo\/ -->\n<title>Comunicato stampa del 31.01.22 - Fondazione Francesco Fabbri<\/title>\n<meta name=\"robots\" content=\"index, follow, max-snippet:-1, max-image-preview:large, max-video-preview:-1\" \/>\n<link rel=\"canonical\" href=\"https:\/\/www.fondazionefrancescofabbri.it\/it\/2022\/01\/31\/comunicato-stampa-31-01-22\/\" \/>\n<meta property=\"og:locale\" content=\"it_IT\" \/>\n<meta property=\"og:type\" content=\"article\" \/>\n<meta property=\"og:title\" content=\"Comunicato stampa del 31.01.22 - Fondazione Francesco Fabbri\" \/>\n<meta property=\"og:description\" content=\"Nuovo presidente di Fondazione Fabbri, Alberto Baban e nuova organizzazione con il comitato di indirizzo strategico alla guida di Roberto Masiero\" \/>\n<meta property=\"og:url\" content=\"https:\/\/www.fondazionefrancescofabbri.it\/it\/2022\/01\/31\/comunicato-stampa-31-01-22\/\" \/>\n<meta property=\"og:site_name\" content=\"Fondazione Francesco Fabbri\" \/>\n<meta property=\"article:published_time\" content=\"2022-01-31T10:02:48+00:00\" \/>\n<meta property=\"article:modified_time\" content=\"2022-02-01T10:14:34+00:00\" \/>\n<meta property=\"og:image\" content=\"https:\/\/www.fondazionefrancescofabbri.it\/wp-content\/uploads\/2022\/02\/Baban_Alberto_colori0.jpeg\" \/>\n\t<meta property=\"og:image:width\" content=\"1280\" \/>\n\t<meta property=\"og:image:height\" content=\"919\" \/>\n\t<meta property=\"og:image:type\" content=\"image\/jpeg\" \/>\n<meta name=\"author\" content=\"Fondazione Francesco Fabbri\" \/>\n<meta name=\"twitter:card\" content=\"summary_large_image\" \/>\n<meta name=\"twitter:label1\" content=\"Scritto da\" \/>\n\t<meta name=\"twitter:data1\" content=\"Fondazione Francesco Fabbri\" \/>\n\t<meta name=\"twitter:label2\" content=\"Tempo di lettura stimato\" \/>\n\t<meta name=\"twitter:data2\" content=\"5 minuti\" \/>\n<script type=\"application\/ld+json\" class=\"yoast-schema-graph\">{\"@context\":\"https:\/\/schema.org\",\"@graph\":[{\"@type\":\"WebPage\",\"@id\":\"https:\/\/www.fondazionefrancescofabbri.it\/it\/2022\/01\/31\/comunicato-stampa-31-01-22\/\",\"url\":\"https:\/\/www.fondazionefrancescofabbri.it\/it\/2022\/01\/31\/comunicato-stampa-31-01-22\/\",\"name\":\"Comunicato stampa del 31.01.22 - Fondazione Francesco Fabbri\",\"isPartOf\":{\"@id\":\"https:\/\/www.fondazionefrancescofabbri.it\/en\/#website\"},\"datePublished\":\"2022-01-31T10:02:48+00:00\",\"dateModified\":\"2022-02-01T10:14:34+00:00\",\"author\":{\"@id\":\"https:\/\/www.fondazionefrancescofabbri.it\/en\/#\/schema\/person\/674c3629d79d89f3c0974d34d33e6200\"},\"breadcrumb\":{\"@id\":\"https:\/\/www.fondazionefrancescofabbri.it\/it\/2022\/01\/31\/comunicato-stampa-31-01-22\/#breadcrumb\"},\"inLanguage\":\"it-IT\",\"potentialAction\":[{\"@type\":\"ReadAction\",\"target\":[\"https:\/\/www.fondazionefrancescofabbri.it\/it\/2022\/01\/31\/comunicato-stampa-31-01-22\/\"]}]},{\"@type\":\"BreadcrumbList\",\"@id\":\"https:\/\/www.fondazionefrancescofabbri.it\/it\/2022\/01\/31\/comunicato-stampa-31-01-22\/#breadcrumb\",\"itemListElement\":[{\"@type\":\"ListItem\",\"position\":1,\"name\":\"Home\",\"item\":\"https:\/\/www.fondazionefrancescofabbri.it\/it\/\"},{\"@type\":\"ListItem\",\"position\":2,\"name\":\"Comunicato stampa del 31.01.22\"}]},{\"@type\":\"WebSite\",\"@id\":\"https:\/\/www.fondazionefrancescofabbri.it\/en\/#website\",\"url\":\"https:\/\/www.fondazionefrancescofabbri.it\/en\/\",\"name\":\"Fondazione Francesco Fabbri\",\"description\":\"Just another WordPress site\",\"potentialAction\":[{\"@type\":\"SearchAction\",\"target\":{\"@type\":\"EntryPoint\",\"urlTemplate\":\"https:\/\/www.fondazionefrancescofabbri.it\/en\/?s={search_term_string}\"},\"query-input\":\"required name=search_term_string\"}],\"inLanguage\":\"it-IT\"},{\"@type\":\"Person\",\"@id\":\"https:\/\/www.fondazionefrancescofabbri.it\/en\/#\/schema\/person\/674c3629d79d89f3c0974d34d33e6200\",\"name\":\"Fondazione Francesco Fabbri\",\"image\":{\"@type\":\"ImageObject\",\"inLanguage\":\"it-IT\",\"@id\":\"https:\/\/www.fondazionefrancescofabbri.it\/en\/#\/schema\/person\/image\/\",\"url\":\"https:\/\/secure.gravatar.com\/avatar\/ec2c804d96abd506edd38ca09d6a13e6?s=96&d=mm&r=g\",\"contentUrl\":\"https:\/\/secure.gravatar.com\/avatar\/ec2c804d96abd506edd38ca09d6a13e6?s=96&d=mm&r=g\",\"caption\":\"Fondazione Francesco Fabbri\"},\"url\":\"https:\/\/www.fondazionefrancescofabbri.it\/it\/author\/fondazione-francesco-fabbri\/\"}]}<\/script>\n<!-- \/ Yoast SEO plugin. -->","yoast_head_json":{"title":"Comunicato stampa del 31.01.22 - Fondazione Francesco Fabbri","robots":{"index":"index","follow":"follow","max-snippet":"max-snippet:-1","max-image-preview":"max-image-preview:large","max-video-preview":"max-video-preview:-1"},"canonical":"https:\/\/www.fondazionefrancescofabbri.it\/it\/2022\/01\/31\/comunicato-stampa-31-01-22\/","og_locale":"it_IT","og_type":"article","og_title":"Comunicato stampa del 31.01.22 - Fondazione Francesco Fabbri","og_description":"Nuovo presidente di Fondazione Fabbri, Alberto Baban e nuova organizzazione con il comitato di indirizzo strategico alla guida di Roberto Masiero","og_url":"https:\/\/www.fondazionefrancescofabbri.it\/it\/2022\/01\/31\/comunicato-stampa-31-01-22\/","og_site_name":"Fondazione Francesco Fabbri","article_published_time":"2022-01-31T10:02:48+00:00","article_modified_time":"2022-02-01T10:14:34+00:00","og_image":[{"width":1280,"height":919,"url":"https:\/\/www.fondazionefrancescofabbri.it\/wp-content\/uploads\/2022\/02\/Baban_Alberto_colori0.jpeg","type":"image\/jpeg"}],"author":"Fondazione Francesco Fabbri","twitter_card":"summary_large_image","twitter_misc":{"Scritto da":"Fondazione Francesco Fabbri","Tempo di lettura stimato":"5 minuti"},"schema":{"@context":"https:\/\/schema.org","@graph":[{"@type":"WebPage","@id":"https:\/\/www.fondazionefrancescofabbri.it\/it\/2022\/01\/31\/comunicato-stampa-31-01-22\/","url":"https:\/\/www.fondazionefrancescofabbri.it\/it\/2022\/01\/31\/comunicato-stampa-31-01-22\/","name":"Comunicato stampa del 31.01.22 - Fondazione Francesco Fabbri","isPartOf":{"@id":"https:\/\/www.fondazionefrancescofabbri.it\/en\/#website"},"datePublished":"2022-01-31T10:02:48+00:00","dateModified":"2022-02-01T10:14:34+00:00","author":{"@id":"https:\/\/www.fondazionefrancescofabbri.it\/en\/#\/schema\/person\/674c3629d79d89f3c0974d34d33e6200"},"breadcrumb":{"@id":"https:\/\/www.fondazionefrancescofabbri.it\/it\/2022\/01\/31\/comunicato-stampa-31-01-22\/#breadcrumb"},"inLanguage":"it-IT","potentialAction":[{"@type":"ReadAction","target":["https:\/\/www.fondazionefrancescofabbri.it\/it\/2022\/01\/31\/comunicato-stampa-31-01-22\/"]}]},{"@type":"BreadcrumbList","@id":"https:\/\/www.fondazionefrancescofabbri.it\/it\/2022\/01\/31\/comunicato-stampa-31-01-22\/#breadcrumb","itemListElement":[{"@type":"ListItem","position":1,"name":"Home","item":"https:\/\/www.fondazionefrancescofabbri.it\/it\/"},{"@type":"ListItem","position":2,"name":"Comunicato stampa del 31.01.22"}]},{"@type":"WebSite","@id":"https:\/\/www.fondazionefrancescofabbri.it\/en\/#website","url":"https:\/\/www.fondazionefrancescofabbri.it\/en\/","name":"Fondazione Francesco Fabbri","description":"Just another WordPress site","potentialAction":[{"@type":"SearchAction","target":{"@type":"EntryPoint","urlTemplate":"https:\/\/www.fondazionefrancescofabbri.it\/en\/?s={search_term_string}"},"query-input":"required name=search_term_string"}],"inLanguage":"it-IT"},{"@type":"Person","@id":"https:\/\/www.fondazionefrancescofabbri.it\/en\/#\/schema\/person\/674c3629d79d89f3c0974d34d33e6200","name":"Fondazione Francesco Fabbri","image":{"@type":"ImageObject","inLanguage":"it-IT","@id":"https:\/\/www.fondazionefrancescofabbri.it\/en\/#\/schema\/person\/image\/","url":"https:\/\/secure.gravatar.com\/avatar\/ec2c804d96abd506edd38ca09d6a13e6?s=96&d=mm&r=g","contentUrl":"https:\/\/secure.gravatar.com\/avatar\/ec2c804d96abd506edd38ca09d6a13e6?s=96&d=mm&r=g","caption":"Fondazione Francesco Fabbri"},"url":"https:\/\/www.fondazionefrancescofabbri.it\/it\/author\/fondazione-francesco-fabbri\/"}]}},"_links":{"self":[{"href":"https:\/\/www.fondazionefrancescofabbri.it\/it\/wp-json\/wp\/v2\/posts\/3272"}],"collection":[{"href":"https:\/\/www.fondazionefrancescofabbri.it\/it\/wp-json\/wp\/v2\/posts"}],"about":[{"href":"https:\/\/www.fondazionefrancescofabbri.it\/it\/wp-json\/wp\/v2\/types\/post"}],"author":[{"embeddable":true,"href":"https:\/\/www.fondazionefrancescofabbri.it\/it\/wp-json\/wp\/v2\/users\/8"}],"replies":[{"embeddable":true,"href":"https:\/\/www.fondazionefrancescofabbri.it\/it\/wp-json\/wp\/v2\/comments?post=3272"}],"version-history":[{"count":1,"href":"https:\/\/www.fondazionefrancescofabbri.it\/it\/wp-json\/wp\/v2\/posts\/3272\/revisions"}],"predecessor-version":[{"id":3275,"href":"https:\/\/www.fondazionefrancescofabbri.it\/it\/wp-json\/wp\/v2\/posts\/3272\/revisions\/3275"}],"wp:featuredmedia":[{"embeddable":true,"href":"https:\/\/www.fondazionefrancescofabbri.it\/it\/wp-json\/wp\/v2\/media\/3273"}],"wp:attachment":[{"href":"https:\/\/www.fondazionefrancescofabbri.it\/it\/wp-json\/wp\/v2\/media?parent=3272"}],"wp:term":[{"taxonomy":"category","embeddable":true,"href":"https:\/\/www.fondazionefrancescofabbri.it\/it\/wp-json\/wp\/v2\/categories?post=3272"},{"taxonomy":"post_tag","embeddable":true,"href":"https:\/\/www.fondazionefrancescofabbri.it\/it\/wp-json\/wp\/v2\/tags?post=3272"}],"curies":[{"name":"wp","href":"https:\/\/api.w.org\/{rel}","templated":true}]}}