{"id":3701,"date":"2023-09-05T09:32:49","date_gmt":"2023-09-05T07:32:49","guid":{"rendered":"https:\/\/www.fondazionefrancescofabbri.it\/?p=3701"},"modified":"2023-09-07T13:41:52","modified_gmt":"2023-09-07T11:41:52","slug":"comunicato-stampa-04-09-23","status":"publish","type":"post","link":"https:\/\/www.fondazionefrancescofabbri.it\/it\/2023\/09\/05\/comunicato-stampa-04-09-23\/","title":{"rendered":"Comunicato stampa del 04.09.23"},"content":{"rendered":"<section class=\"wpb-content-wrapper\"><p>[vc_row][vc_column][vc_column_text]<\/p>\n<p style=\"text-align: center;\"><strong>PREMIO FRANCESCO FABBRI\u00a0<\/strong><\/p>\n<div>\n<p style=\"text-align: center;\"><strong>Prorogate le iscrizioni del\u00a0 Premio Fabbri per le arti contemporanee!<\/strong><\/p>\n<\/div>\n<p>[\/vc_column_text][vc_single_image image=&#8221;3709&#8243; img_size=&#8221;large&#8221;][\/vc_column][\/vc_row][vc_row][vc_column][vc_column_text]Date le numerose richieste, \u00e8 stato prorogato il bando della dodicesima edizione del Premio Francesco Fabbri per le Arti Contemporanee fino al 18 settembre 2023.<\/p>\n<p>&nbsp;<\/p>\n<p>Il Premio anche quest&#8217;anno si articola in due sezioni: Arte emergente e Fotografia contemporanea. La prima \u00e8 dedicata agli autori under 35 che, secondo una logica intermediale, potranno partecipare con ogni forma creativa visiva: dalla pittura all\u2019installazione, dalla fotografia alla videoarte, dalla performance e sound art fino al disegno e alla grafica. La seconda sezione invece, priva di limiti anagrafici, \u00e8 dedicata alla Fotografia contemporanea attraverso una variet\u00e0 di concezioni dello specifico medium, in continuit\u00e0 con l&#8217;attivit\u00e0 di Fondazione Francesco Fabbri che promuove il Festival F4 \/ un&#8217;idea di Fotografia. A entrambe le sezioni potranno partecipare autori da ogni paese del mondo.<br \/>\nIl bando rimarr\u00e0 aperto dal 29 maggio al 3 settembre 2023 e gli artisti potranno iscriversi via web o tramite posta ordinaria. I due vincitori riceveranno un premio acquisto di 5.000 euro ciascuno, le opere entreranno nella collezione permanente di Fondazione Francesco Fabbri e saranno custodite nel centro residenziale di Casa Fabbri.<\/p>\n<p>&nbsp;<\/p>\n<p>Il premio, curato da Carlo Sala, gode di una prestigiosa giuria composta da critici e curatori, quali Daniele De Luigi, Rossella Farinotti, Antonio Grulli, Elisa Medde, Angel Moya Garcia, Giangavino Pazzola, Stefano Raimondi e Mauro Zanchi.<br \/>\nLe opere finaliste saranno esposte a Villa Brandolini a Pieve di Soligo (Tv) dal 25 novembre al 17 dicembre 2023; durante il vernissage saranno proclamati i vincitori alla presenza degli operatori, della stampa e del pubblico.<br \/>\nIl Premio \u00e8 promosso da Fondazione Francesco Fabbri e reso possibile grazie al supporto della famiglia Fabbri e alla collaborazione del Comune di Pieve di Soligo. La rassegna gode del patrocinio di Provincia di Treviso, Landscapes Stories, Lago Film Fest ed \u00e8 inserita nel palinsesto di Reteventi 2023.<\/p>\n<p>&nbsp;<\/p>\n<p>Info e bando:<br \/>\n<a href=\"mailto:premio@fondazionefrancescofabbri.it\">premio@fondazionefrancescofabbri.it<\/a><\/p>\n<p>Fondazione Francesco Fabbri Onlus<br \/>\nVia Fabbri n\u00b0 16 &#8211; Solighetto<br \/>\n31053 Pieve di Soligo (TV)[\/vc_column_text][\/vc_column][\/vc_row][vc_row][vc_column][vc_column_text]<\/p>\n<p>[\/vc_column_text][\/vc_column][\/vc_row]<\/p>\n<\/section>","protected":false},"excerpt":{"rendered":"<p>Parte la dodicesima edizione del Premio dedicato all\u2019Arte emergente e alla Fotografia contemporanea<\/p>\n","protected":false},"author":3,"featured_media":3649,"comment_status":"open","ping_status":"open","sticky":false,"template":"","format":"standard","meta":[],"categories":[51,3,23,6,22],"tags":[],"acf":[],"yoast_head":"<!-- This site is optimized with the Yoast SEO plugin v20.8 - https:\/\/yoast.com\/wordpress\/plugins\/seo\/ -->\n<title>Comunicato stampa del 04.09.23 - Fondazione Francesco Fabbri<\/title>\n<meta name=\"robots\" content=\"index, follow, max-snippet:-1, max-image-preview:large, max-video-preview:-1\" \/>\n<link rel=\"canonical\" href=\"https:\/\/www.fondazionefrancescofabbri.it\/it\/2023\/09\/05\/comunicato-stampa-04-09-23\/\" \/>\n<meta property=\"og:locale\" content=\"it_IT\" \/>\n<meta property=\"og:type\" content=\"article\" \/>\n<meta property=\"og:title\" content=\"Comunicato stampa del 04.09.23 - Fondazione Francesco Fabbri\" \/>\n<meta property=\"og:description\" content=\"Parte la dodicesima edizione del Premio dedicato all\u2019Arte emergente e alla Fotografia contemporanea\" \/>\n<meta property=\"og:url\" content=\"https:\/\/www.fondazionefrancescofabbri.it\/it\/2023\/09\/05\/comunicato-stampa-04-09-23\/\" \/>\n<meta property=\"og:site_name\" content=\"Fondazione Francesco Fabbri\" \/>\n<meta property=\"article:published_time\" content=\"2023-09-05T07:32:49+00:00\" \/>\n<meta property=\"article:modified_time\" content=\"2023-09-07T11:41:52+00:00\" \/>\n<meta property=\"og:image\" content=\"https:\/\/www.fondazionefrancescofabbri.it\/wp-content\/uploads\/2023\/05\/Premio-francesco-Fabbri-2023.jpg\" \/>\n\t<meta property=\"og:image:width\" content=\"1100\" \/>\n\t<meta property=\"og:image:height\" content=\"700\" \/>\n\t<meta property=\"og:image:type\" content=\"image\/jpeg\" \/>\n<meta name=\"author\" content=\"Fondazione Francesco Fabbri\" \/>\n<meta name=\"twitter:card\" content=\"summary_large_image\" \/>\n<meta name=\"twitter:label1\" content=\"Scritto da\" \/>\n\t<meta name=\"twitter:data1\" content=\"Fondazione Francesco Fabbri\" \/>\n\t<meta name=\"twitter:label2\" content=\"Tempo di lettura stimato\" \/>\n\t<meta name=\"twitter:data2\" content=\"2 minuti\" \/>\n<script type=\"application\/ld+json\" class=\"yoast-schema-graph\">{\"@context\":\"https:\/\/schema.org\",\"@graph\":[{\"@type\":\"WebPage\",\"@id\":\"https:\/\/www.fondazionefrancescofabbri.it\/it\/2023\/09\/05\/comunicato-stampa-04-09-23\/\",\"url\":\"https:\/\/www.fondazionefrancescofabbri.it\/it\/2023\/09\/05\/comunicato-stampa-04-09-23\/\",\"name\":\"Comunicato stampa del 04.09.23 - Fondazione Francesco Fabbri\",\"isPartOf\":{\"@id\":\"https:\/\/www.fondazionefrancescofabbri.it\/en\/#website\"},\"datePublished\":\"2023-09-05T07:32:49+00:00\",\"dateModified\":\"2023-09-07T11:41:52+00:00\",\"author\":{\"@id\":\"https:\/\/www.fondazionefrancescofabbri.it\/en\/#\/schema\/person\/a1b33015996af6456a702df97fc81a94\"},\"breadcrumb\":{\"@id\":\"https:\/\/www.fondazionefrancescofabbri.it\/it\/2023\/09\/05\/comunicato-stampa-04-09-23\/#breadcrumb\"},\"inLanguage\":\"it-IT\",\"potentialAction\":[{\"@type\":\"ReadAction\",\"target\":[\"https:\/\/www.fondazionefrancescofabbri.it\/it\/2023\/09\/05\/comunicato-stampa-04-09-23\/\"]}]},{\"@type\":\"BreadcrumbList\",\"@id\":\"https:\/\/www.fondazionefrancescofabbri.it\/it\/2023\/09\/05\/comunicato-stampa-04-09-23\/#breadcrumb\",\"itemListElement\":[{\"@type\":\"ListItem\",\"position\":1,\"name\":\"Home\",\"item\":\"https:\/\/www.fondazionefrancescofabbri.it\/it\/\"},{\"@type\":\"ListItem\",\"position\":2,\"name\":\"Comunicato stampa del 04.09.23\"}]},{\"@type\":\"WebSite\",\"@id\":\"https:\/\/www.fondazionefrancescofabbri.it\/en\/#website\",\"url\":\"https:\/\/www.fondazionefrancescofabbri.it\/en\/\",\"name\":\"Fondazione Francesco Fabbri\",\"description\":\"Just another WordPress site\",\"potentialAction\":[{\"@type\":\"SearchAction\",\"target\":{\"@type\":\"EntryPoint\",\"urlTemplate\":\"https:\/\/www.fondazionefrancescofabbri.it\/en\/?s={search_term_string}\"},\"query-input\":\"required name=search_term_string\"}],\"inLanguage\":\"it-IT\"},{\"@type\":\"Person\",\"@id\":\"https:\/\/www.fondazionefrancescofabbri.it\/en\/#\/schema\/person\/a1b33015996af6456a702df97fc81a94\",\"name\":\"Fondazione Francesco Fabbri\",\"image\":{\"@type\":\"ImageObject\",\"inLanguage\":\"it-IT\",\"@id\":\"https:\/\/www.fondazionefrancescofabbri.it\/en\/#\/schema\/person\/image\/\",\"url\":\"https:\/\/secure.gravatar.com\/avatar\/8bf33eb017a5776110766f830b2b2044?s=96&d=mm&r=g\",\"contentUrl\":\"https:\/\/secure.gravatar.com\/avatar\/8bf33eb017a5776110766f830b2b2044?s=96&d=mm&r=g\",\"caption\":\"Fondazione Francesco Fabbri\"},\"url\":\"https:\/\/www.fondazionefrancescofabbri.it\/it\/author\/agata\/\"}]}<\/script>\n<!-- \/ Yoast SEO plugin. -->","yoast_head_json":{"title":"Comunicato stampa del 04.09.23 - Fondazione Francesco Fabbri","robots":{"index":"index","follow":"follow","max-snippet":"max-snippet:-1","max-image-preview":"max-image-preview:large","max-video-preview":"max-video-preview:-1"},"canonical":"https:\/\/www.fondazionefrancescofabbri.it\/it\/2023\/09\/05\/comunicato-stampa-04-09-23\/","og_locale":"it_IT","og_type":"article","og_title":"Comunicato stampa del 04.09.23 - Fondazione Francesco Fabbri","og_description":"Parte la dodicesima edizione del Premio dedicato all\u2019Arte emergente e alla Fotografia contemporanea","og_url":"https:\/\/www.fondazionefrancescofabbri.it\/it\/2023\/09\/05\/comunicato-stampa-04-09-23\/","og_site_name":"Fondazione Francesco Fabbri","article_published_time":"2023-09-05T07:32:49+00:00","article_modified_time":"2023-09-07T11:41:52+00:00","og_image":[{"width":1100,"height":700,"url":"https:\/\/www.fondazionefrancescofabbri.it\/wp-content\/uploads\/2023\/05\/Premio-francesco-Fabbri-2023.jpg","type":"image\/jpeg"}],"author":"Fondazione Francesco Fabbri","twitter_card":"summary_large_image","twitter_misc":{"Scritto da":"Fondazione Francesco Fabbri","Tempo di lettura stimato":"2 minuti"},"schema":{"@context":"https:\/\/schema.org","@graph":[{"@type":"WebPage","@id":"https:\/\/www.fondazionefrancescofabbri.it\/it\/2023\/09\/05\/comunicato-stampa-04-09-23\/","url":"https:\/\/www.fondazionefrancescofabbri.it\/it\/2023\/09\/05\/comunicato-stampa-04-09-23\/","name":"Comunicato stampa del 04.09.23 - Fondazione Francesco Fabbri","isPartOf":{"@id":"https:\/\/www.fondazionefrancescofabbri.it\/en\/#website"},"datePublished":"2023-09-05T07:32:49+00:00","dateModified":"2023-09-07T11:41:52+00:00","author":{"@id":"https:\/\/www.fondazionefrancescofabbri.it\/en\/#\/schema\/person\/a1b33015996af6456a702df97fc81a94"},"breadcrumb":{"@id":"https:\/\/www.fondazionefrancescofabbri.it\/it\/2023\/09\/05\/comunicato-stampa-04-09-23\/#breadcrumb"},"inLanguage":"it-IT","potentialAction":[{"@type":"ReadAction","target":["https:\/\/www.fondazionefrancescofabbri.it\/it\/2023\/09\/05\/comunicato-stampa-04-09-23\/"]}]},{"@type":"BreadcrumbList","@id":"https:\/\/www.fondazionefrancescofabbri.it\/it\/2023\/09\/05\/comunicato-stampa-04-09-23\/#breadcrumb","itemListElement":[{"@type":"ListItem","position":1,"name":"Home","item":"https:\/\/www.fondazionefrancescofabbri.it\/it\/"},{"@type":"ListItem","position":2,"name":"Comunicato stampa del 04.09.23"}]},{"@type":"WebSite","@id":"https:\/\/www.fondazionefrancescofabbri.it\/en\/#website","url":"https:\/\/www.fondazionefrancescofabbri.it\/en\/","name":"Fondazione Francesco Fabbri","description":"Just another WordPress site","potentialAction":[{"@type":"SearchAction","target":{"@type":"EntryPoint","urlTemplate":"https:\/\/www.fondazionefrancescofabbri.it\/en\/?s={search_term_string}"},"query-input":"required name=search_term_string"}],"inLanguage":"it-IT"},{"@type":"Person","@id":"https:\/\/www.fondazionefrancescofabbri.it\/en\/#\/schema\/person\/a1b33015996af6456a702df97fc81a94","name":"Fondazione Francesco Fabbri","image":{"@type":"ImageObject","inLanguage":"it-IT","@id":"https:\/\/www.fondazionefrancescofabbri.it\/en\/#\/schema\/person\/image\/","url":"https:\/\/secure.gravatar.com\/avatar\/8bf33eb017a5776110766f830b2b2044?s=96&d=mm&r=g","contentUrl":"https:\/\/secure.gravatar.com\/avatar\/8bf33eb017a5776110766f830b2b2044?s=96&d=mm&r=g","caption":"Fondazione Francesco Fabbri"},"url":"https:\/\/www.fondazionefrancescofabbri.it\/it\/author\/agata\/"}]}},"_links":{"self":[{"href":"https:\/\/www.fondazionefrancescofabbri.it\/it\/wp-json\/wp\/v2\/posts\/3701"}],"collection":[{"href":"https:\/\/www.fondazionefrancescofabbri.it\/it\/wp-json\/wp\/v2\/posts"}],"about":[{"href":"https:\/\/www.fondazionefrancescofabbri.it\/it\/wp-json\/wp\/v2\/types\/post"}],"author":[{"embeddable":true,"href":"https:\/\/www.fondazionefrancescofabbri.it\/it\/wp-json\/wp\/v2\/users\/3"}],"replies":[{"embeddable":true,"href":"https:\/\/www.fondazionefrancescofabbri.it\/it\/wp-json\/wp\/v2\/comments?post=3701"}],"version-history":[{"count":2,"href":"https:\/\/www.fondazionefrancescofabbri.it\/it\/wp-json\/wp\/v2\/posts\/3701\/revisions"}],"predecessor-version":[{"id":3712,"href":"https:\/\/www.fondazionefrancescofabbri.it\/it\/wp-json\/wp\/v2\/posts\/3701\/revisions\/3712"}],"wp:featuredmedia":[{"embeddable":true,"href":"https:\/\/www.fondazionefrancescofabbri.it\/it\/wp-json\/wp\/v2\/media\/3649"}],"wp:attachment":[{"href":"https:\/\/www.fondazionefrancescofabbri.it\/it\/wp-json\/wp\/v2\/media?parent=3701"}],"wp:term":[{"taxonomy":"category","embeddable":true,"href":"https:\/\/www.fondazionefrancescofabbri.it\/it\/wp-json\/wp\/v2\/categories?post=3701"},{"taxonomy":"post_tag","embeddable":true,"href":"https:\/\/www.fondazionefrancescofabbri.it\/it\/wp-json\/wp\/v2\/tags?post=3701"}],"curies":[{"name":"wp","href":"https:\/\/api.w.org\/{rel}","templated":true}]}}