{"id":928,"date":"2016-08-21T08:08:31","date_gmt":"2016-08-21T08:08:31","guid":{"rendered":"http:\/\/www.fondazionefrancescofabbri.it\/it\/?p=928"},"modified":"2016-09-27T08:23:29","modified_gmt":"2016-09-27T08:23:29","slug":"rassegna-stampa-del-21-08-2016-artribune","status":"publish","type":"post","link":"https:\/\/www.fondazionefrancescofabbri.it\/it\/2016\/08\/21\/rassegna-stampa-del-21-08-2016-artribune\/","title":{"rendered":"Rassegna stampa del 21.08.2016 &#8211; Artribune"},"content":{"rendered":"<section class=\"wpb-content-wrapper\"><p>[vc_row][vc_column width=&#8221;1\/2&#8243;][vc_single_image image=&#8221;940&#8243; img_size=&#8221;full&#8221;][\/vc_column][vc_column width=&#8221;1\/2&#8243;][vc_column_text]21\/08\/2016<br \/>\nArtribune<br \/>\n<strong>Nuovi sguardi su Venezia. In mostra alla Fondazione Fabbri<\/strong><br \/>\nEmilia Giorgi[\/vc_column_text][vc_empty_space][vc_column_text]UN MASTER D\u2019ALTO LIVELLO<br \/>\nUna visita estiva alla Biennale di Architettura di Venezia, diretta da Alejandro Aravena, pu\u00f2 essere l\u2019occasione per una gita nei dintorni della citt\u00e0 lagunare. A circa un\u2019ora di automobile si pu\u00f2 raggiungere la settecentesca Villa Brandolini di Pieve di Soligo, che ospita gli spazi espositivi della Fondazione Francesco Fabbri.<br \/>\nQui, tra le altre mostre, \u00e8 degna di attenzione Not Only Landscape, curata da Carlo Sala e dedicata agli esiti della prima edizione del Master IUAV in Photography, diretto da Angela Vettese e coordinato dai fotografi Stefano Graziani e Andrea Pertoldeo. Ci\u00f2 che ha attirato la nostra attenzione \u00e8 l\u2019approccio utilizzato dal master: non un semplice corso ma un vero e proprio laboratorio di ricerca per indagare tematiche e urgenze della fotografia attuale, avvalendosi anche dell\u2019apporto di curatori e studiosi. L\u2019area di interesse su cui si sono concentrati docenti di rango come Armin Linke, Bas Princen o Filippo Romano \u00e8 Venezia, vista attraverso sguardi molteplici e insoliti.[\/vc_column_text][\/vc_column][\/vc_row][vc_row][vc_column][vc_column_text]UN\u2019ALTRA VENEZIA<br \/>\nQuella che vediamo in mostra e nella nostra galleria fotografica non \u00e8 la citt\u00e0 che conosciamo, a cui siamo abituati. I diversi percorsi ci invitano piuttosto a guardare, attraverso modalit\u00e0 narrative estremamente differenti, aspetti territoriali poco noti cos\u00ec come contesti storici e contemporanei con nuovi punti di vista.<br \/>\nPensiamo al laboratorio di Linke, che ha condotto i giovani fotografi all\u2019interno della Biblioteca dei Tolentini, per esplorare spazi solitamente chiusi al pubblico come gli uffici o la stanza privata del rettore. Romano ci fa scoprire il patrimonio militare della Serenissima Repubblica, luoghi ormai abbandonati che continuano a influenzare fortemente perfino l\u2019uso del paesaggio circostante.<br \/>\nAmedeo Martegani, in linea con una ricerca che porta avanti da anni sulle isole deserte del Mediterraneo, ci conduce attraverso le isole abbandonate della Laguna di Venezia, solitamente non visitabili se non con autorizzazione. O ancora Stefano Graziani, che invita i suoi studenti a lavorare in contesti gi\u00e0 estremamente connotati per \u201cla costruzione di nuovi temporanei disordini.\u201d Per stravolgere il classico immaginario di Venezia, cambiandone completamente la visione.<br \/>\nAnche la prossima edizione del Master vedr\u00e0, accanto ai corsi ordinari, i seminari condotti da personaggi di spicco della fotografia contemporanea come i gi\u00e0 citati Linke, Princen, Martegani, Romano e Guido Guidi, William Guerrieri, Giovanna Silva accompagnati da lezioni di Mario Lupano, Francesco Garutti, Olivo Barbieri e Francesco Jodice, tra gli altri.[\/vc_column_text][vc_empty_space][vc_column_text]<a href=\"http:\/\/www.artribune.com\/2016\/08\/nuovi-sguardi-su-venezia-in-mostra-alla-fondazione-fabbri\/\" target=\"_blank\">Leggi l&#8217;articolo completo<\/a>[\/vc_column_text][\/vc_column][\/vc_row][vc_row content_placement=&#8221;middle&#8221;][vc_column width=&#8221;1\/2&#8243;][vc_single_image image=&#8221;932&#8243; img_size=&#8221;full&#8221;][\/vc_column][vc_column width=&#8221;1\/2&#8243;][vc_single_image image=&#8221;929&#8243; img_size=&#8221;full&#8221;][\/vc_column][\/vc_row]<\/p>\n<\/section>","protected":false},"excerpt":{"rendered":"<p>Nuovi sguardi su Venezia. In mostra alla Fondazione Fabbri<\/p>\n","protected":false},"author":3,"featured_media":943,"comment_status":"open","ping_status":"open","sticky":false,"template":"","format":"standard","meta":[],"categories":[22,25],"tags":[],"acf":[],"yoast_head":"<!-- This site is optimized with the Yoast SEO plugin v20.8 - https:\/\/yoast.com\/wordpress\/plugins\/seo\/ -->\n<title>Rassegna stampa del 21.08.2016 - Artribune - Fondazione Francesco Fabbri<\/title>\n<meta name=\"robots\" content=\"index, follow, max-snippet:-1, max-image-preview:large, max-video-preview:-1\" \/>\n<link rel=\"canonical\" href=\"https:\/\/www.fondazionefrancescofabbri.it\/it\/2016\/08\/21\/rassegna-stampa-del-21-08-2016-artribune\/\" \/>\n<meta property=\"og:locale\" content=\"it_IT\" \/>\n<meta property=\"og:type\" content=\"article\" \/>\n<meta property=\"og:title\" content=\"Rassegna stampa del 21.08.2016 - Artribune - Fondazione Francesco Fabbri\" \/>\n<meta property=\"og:description\" content=\"Nuovi sguardi su Venezia. In mostra alla Fondazione Fabbri\" \/>\n<meta property=\"og:url\" content=\"https:\/\/www.fondazionefrancescofabbri.it\/it\/2016\/08\/21\/rassegna-stampa-del-21-08-2016-artribune\/\" \/>\n<meta property=\"og:site_name\" content=\"Fondazione Francesco Fabbri\" \/>\n<meta property=\"article:published_time\" content=\"2016-08-21T08:08:31+00:00\" \/>\n<meta property=\"article:modified_time\" content=\"2016-09-27T08:23:29+00:00\" \/>\n<meta property=\"og:image\" content=\"https:\/\/www.fondazionefrancescofabbri.it\/wp-content\/uploads\/2016\/08\/21_08_2016-Artribune-cop.jpg\" \/>\n\t<meta property=\"og:image:width\" content=\"353\" \/>\n\t<meta property=\"og:image:height\" content=\"221\" \/>\n\t<meta property=\"og:image:type\" content=\"image\/jpeg\" \/>\n<meta name=\"author\" content=\"Fondazione Francesco Fabbri\" \/>\n<meta name=\"twitter:card\" content=\"summary_large_image\" \/>\n<meta name=\"twitter:label1\" content=\"Scritto da\" \/>\n\t<meta name=\"twitter:data1\" content=\"Fondazione Francesco Fabbri\" \/>\n\t<meta name=\"twitter:label2\" content=\"Tempo di lettura stimato\" \/>\n\t<meta name=\"twitter:data2\" content=\"2 minuti\" \/>\n<script type=\"application\/ld+json\" class=\"yoast-schema-graph\">{\"@context\":\"https:\/\/schema.org\",\"@graph\":[{\"@type\":\"WebPage\",\"@id\":\"https:\/\/www.fondazionefrancescofabbri.it\/it\/2016\/08\/21\/rassegna-stampa-del-21-08-2016-artribune\/\",\"url\":\"https:\/\/www.fondazionefrancescofabbri.it\/it\/2016\/08\/21\/rassegna-stampa-del-21-08-2016-artribune\/\",\"name\":\"Rassegna stampa del 21.08.2016 - Artribune - Fondazione Francesco Fabbri\",\"isPartOf\":{\"@id\":\"https:\/\/www.fondazionefrancescofabbri.it\/en\/#website\"},\"datePublished\":\"2016-08-21T08:08:31+00:00\",\"dateModified\":\"2016-09-27T08:23:29+00:00\",\"author\":{\"@id\":\"https:\/\/www.fondazionefrancescofabbri.it\/en\/#\/schema\/person\/a1b33015996af6456a702df97fc81a94\"},\"breadcrumb\":{\"@id\":\"https:\/\/www.fondazionefrancescofabbri.it\/it\/2016\/08\/21\/rassegna-stampa-del-21-08-2016-artribune\/#breadcrumb\"},\"inLanguage\":\"it-IT\",\"potentialAction\":[{\"@type\":\"ReadAction\",\"target\":[\"https:\/\/www.fondazionefrancescofabbri.it\/it\/2016\/08\/21\/rassegna-stampa-del-21-08-2016-artribune\/\"]}]},{\"@type\":\"BreadcrumbList\",\"@id\":\"https:\/\/www.fondazionefrancescofabbri.it\/it\/2016\/08\/21\/rassegna-stampa-del-21-08-2016-artribune\/#breadcrumb\",\"itemListElement\":[{\"@type\":\"ListItem\",\"position\":1,\"name\":\"Home\",\"item\":\"https:\/\/www.fondazionefrancescofabbri.it\/it\/\"},{\"@type\":\"ListItem\",\"position\":2,\"name\":\"Rassegna stampa del 21.08.2016 &#8211; Artribune\"}]},{\"@type\":\"WebSite\",\"@id\":\"https:\/\/www.fondazionefrancescofabbri.it\/en\/#website\",\"url\":\"https:\/\/www.fondazionefrancescofabbri.it\/en\/\",\"name\":\"Fondazione Francesco Fabbri\",\"description\":\"Just another WordPress site\",\"potentialAction\":[{\"@type\":\"SearchAction\",\"target\":{\"@type\":\"EntryPoint\",\"urlTemplate\":\"https:\/\/www.fondazionefrancescofabbri.it\/en\/?s={search_term_string}\"},\"query-input\":\"required name=search_term_string\"}],\"inLanguage\":\"it-IT\"},{\"@type\":\"Person\",\"@id\":\"https:\/\/www.fondazionefrancescofabbri.it\/en\/#\/schema\/person\/a1b33015996af6456a702df97fc81a94\",\"name\":\"Fondazione Francesco Fabbri\",\"image\":{\"@type\":\"ImageObject\",\"inLanguage\":\"it-IT\",\"@id\":\"https:\/\/www.fondazionefrancescofabbri.it\/en\/#\/schema\/person\/image\/\",\"url\":\"https:\/\/secure.gravatar.com\/avatar\/8bf33eb017a5776110766f830b2b2044?s=96&d=mm&r=g\",\"contentUrl\":\"https:\/\/secure.gravatar.com\/avatar\/8bf33eb017a5776110766f830b2b2044?s=96&d=mm&r=g\",\"caption\":\"Fondazione Francesco Fabbri\"},\"url\":\"https:\/\/www.fondazionefrancescofabbri.it\/it\/author\/agata\/\"}]}<\/script>\n<!-- \/ Yoast SEO plugin. -->","yoast_head_json":{"title":"Rassegna stampa del 21.08.2016 - Artribune - Fondazione Francesco Fabbri","robots":{"index":"index","follow":"follow","max-snippet":"max-snippet:-1","max-image-preview":"max-image-preview:large","max-video-preview":"max-video-preview:-1"},"canonical":"https:\/\/www.fondazionefrancescofabbri.it\/it\/2016\/08\/21\/rassegna-stampa-del-21-08-2016-artribune\/","og_locale":"it_IT","og_type":"article","og_title":"Rassegna stampa del 21.08.2016 - Artribune - Fondazione Francesco Fabbri","og_description":"Nuovi sguardi su Venezia. In mostra alla Fondazione Fabbri","og_url":"https:\/\/www.fondazionefrancescofabbri.it\/it\/2016\/08\/21\/rassegna-stampa-del-21-08-2016-artribune\/","og_site_name":"Fondazione Francesco Fabbri","article_published_time":"2016-08-21T08:08:31+00:00","article_modified_time":"2016-09-27T08:23:29+00:00","og_image":[{"width":353,"height":221,"url":"https:\/\/www.fondazionefrancescofabbri.it\/wp-content\/uploads\/2016\/08\/21_08_2016-Artribune-cop.jpg","type":"image\/jpeg"}],"author":"Fondazione Francesco Fabbri","twitter_card":"summary_large_image","twitter_misc":{"Scritto da":"Fondazione Francesco Fabbri","Tempo di lettura stimato":"2 minuti"},"schema":{"@context":"https:\/\/schema.org","@graph":[{"@type":"WebPage","@id":"https:\/\/www.fondazionefrancescofabbri.it\/it\/2016\/08\/21\/rassegna-stampa-del-21-08-2016-artribune\/","url":"https:\/\/www.fondazionefrancescofabbri.it\/it\/2016\/08\/21\/rassegna-stampa-del-21-08-2016-artribune\/","name":"Rassegna stampa del 21.08.2016 - Artribune - Fondazione Francesco Fabbri","isPartOf":{"@id":"https:\/\/www.fondazionefrancescofabbri.it\/en\/#website"},"datePublished":"2016-08-21T08:08:31+00:00","dateModified":"2016-09-27T08:23:29+00:00","author":{"@id":"https:\/\/www.fondazionefrancescofabbri.it\/en\/#\/schema\/person\/a1b33015996af6456a702df97fc81a94"},"breadcrumb":{"@id":"https:\/\/www.fondazionefrancescofabbri.it\/it\/2016\/08\/21\/rassegna-stampa-del-21-08-2016-artribune\/#breadcrumb"},"inLanguage":"it-IT","potentialAction":[{"@type":"ReadAction","target":["https:\/\/www.fondazionefrancescofabbri.it\/it\/2016\/08\/21\/rassegna-stampa-del-21-08-2016-artribune\/"]}]},{"@type":"BreadcrumbList","@id":"https:\/\/www.fondazionefrancescofabbri.it\/it\/2016\/08\/21\/rassegna-stampa-del-21-08-2016-artribune\/#breadcrumb","itemListElement":[{"@type":"ListItem","position":1,"name":"Home","item":"https:\/\/www.fondazionefrancescofabbri.it\/it\/"},{"@type":"ListItem","position":2,"name":"Rassegna stampa del 21.08.2016 &#8211; Artribune"}]},{"@type":"WebSite","@id":"https:\/\/www.fondazionefrancescofabbri.it\/en\/#website","url":"https:\/\/www.fondazionefrancescofabbri.it\/en\/","name":"Fondazione Francesco Fabbri","description":"Just another WordPress site","potentialAction":[{"@type":"SearchAction","target":{"@type":"EntryPoint","urlTemplate":"https:\/\/www.fondazionefrancescofabbri.it\/en\/?s={search_term_string}"},"query-input":"required name=search_term_string"}],"inLanguage":"it-IT"},{"@type":"Person","@id":"https:\/\/www.fondazionefrancescofabbri.it\/en\/#\/schema\/person\/a1b33015996af6456a702df97fc81a94","name":"Fondazione Francesco Fabbri","image":{"@type":"ImageObject","inLanguage":"it-IT","@id":"https:\/\/www.fondazionefrancescofabbri.it\/en\/#\/schema\/person\/image\/","url":"https:\/\/secure.gravatar.com\/avatar\/8bf33eb017a5776110766f830b2b2044?s=96&d=mm&r=g","contentUrl":"https:\/\/secure.gravatar.com\/avatar\/8bf33eb017a5776110766f830b2b2044?s=96&d=mm&r=g","caption":"Fondazione Francesco Fabbri"},"url":"https:\/\/www.fondazionefrancescofabbri.it\/it\/author\/agata\/"}]}},"_links":{"self":[{"href":"https:\/\/www.fondazionefrancescofabbri.it\/it\/wp-json\/wp\/v2\/posts\/928"}],"collection":[{"href":"https:\/\/www.fondazionefrancescofabbri.it\/it\/wp-json\/wp\/v2\/posts"}],"about":[{"href":"https:\/\/www.fondazionefrancescofabbri.it\/it\/wp-json\/wp\/v2\/types\/post"}],"author":[{"embeddable":true,"href":"https:\/\/www.fondazionefrancescofabbri.it\/it\/wp-json\/wp\/v2\/users\/3"}],"replies":[{"embeddable":true,"href":"https:\/\/www.fondazionefrancescofabbri.it\/it\/wp-json\/wp\/v2\/comments?post=928"}],"version-history":[{"count":14,"href":"https:\/\/www.fondazionefrancescofabbri.it\/it\/wp-json\/wp\/v2\/posts\/928\/revisions"}],"predecessor-version":[{"id":948,"href":"https:\/\/www.fondazionefrancescofabbri.it\/it\/wp-json\/wp\/v2\/posts\/928\/revisions\/948"}],"wp:featuredmedia":[{"embeddable":true,"href":"https:\/\/www.fondazionefrancescofabbri.it\/it\/wp-json\/wp\/v2\/media\/943"}],"wp:attachment":[{"href":"https:\/\/www.fondazionefrancescofabbri.it\/it\/wp-json\/wp\/v2\/media?parent=928"}],"wp:term":[{"taxonomy":"category","embeddable":true,"href":"https:\/\/www.fondazionefrancescofabbri.it\/it\/wp-json\/wp\/v2\/categories?post=928"},{"taxonomy":"post_tag","embeddable":true,"href":"https:\/\/www.fondazionefrancescofabbri.it\/it\/wp-json\/wp\/v2\/tags?post=928"}],"curies":[{"name":"wp","href":"https:\/\/api.w.org\/{rel}","templated":true}]}}